{"id":10576,"date":"2021-06-22T16:38:52","date_gmt":"2021-06-22T14:38:52","guid":{"rendered":"https:\/\/www.ertex-solar.at\/?p=10576"},"modified":"2022-11-03T13:03:29","modified_gmt":"2022-11-03T12:03:29","slug":"arcadia-yachts-dubai-expo-ilab-austria","status":"publish","type":"post","link":"https:\/\/www.ertex-solar.at\/fr\/arcadia-yachts-dubai-expo-ilab-austria\/","title":{"rendered":"Arcadia Yachts &amp; Dubai EXPO iLab Austria"},"content":{"rendered":"<p><div class=\"fusion-fullwidth fullwidth-box fusion-builder-row-1 nonhundred-percent-fullwidth non-hundred-percent-height-scrolling\" style=\"--awb-border-radius-top-left:0px;--awb-border-radius-top-right:0px;--awb-border-radius-bottom-right:0px;--awb-border-radius-bottom-left:0px;--awb-flex-wrap:wrap;\" ><div class=\"fusion-builder-row fusion-row\"><div class=\"fusion-layout-column fusion_builder_column fusion-builder-column-0 fusion_builder_column_1_1 1_1 fusion-one-full fusion-column-first fusion-column-last\" style=\"--awb-padding-right:0%;--awb-padding-left:0%;--awb-bg-size:cover;\"><div class=\"fusion-column-wrapper fusion-column-has-shadow fusion-flex-column-wrapper-legacy\"><div class=\"fusion-image-element in-legacy-container\" style=\"--awb-caption-title-font-family:var(--h2_typography-font-family);--awb-caption-title-font-weight:var(--h2_typography-font-weight);--awb-caption-title-font-style:var(--h2_typography-font-style);--awb-caption-title-size:var(--h2_typography-font-size);--awb-caption-title-transform:var(--h2_typography-text-transform);--awb-caption-title-line-height:var(--h2_typography-line-height);--awb-caption-title-letter-spacing:var(--h2_typography-letter-spacing);\"><span class=\" fusion-imageframe imageframe-none imageframe-1 hover-type-none\"><img decoding=\"async\" width=\"1770\" height=\"516\" title=\"HP_Juni21_Arcadia Yachten_Bild oben\" src=\"https:\/\/www.ertex-solar.at\/wp-content\/uploads\/sites\/4\/2021\/08\/HP_Juni21_Arcadia-Yachten_Bild-oben.png\" data-orig-src=\"https:\/\/www.ertex-solar.at\/wp-content\/uploads\/sites\/4\/2021\/08\/HP_Juni21_Arcadia-Yachten_Bild-oben.png\" alt class=\"lazyload img-responsive wp-image-8969\" srcset=\"data:image\/svg+xml,%3Csvg%20xmlns%3D%27http%3A%2F%2Fwww.w3.org%2F2000%2Fsvg%27%20width%3D%271770%27%20height%3D%27516%27%20viewBox%3D%270%200%201770%20516%27%3E%3Crect%20width%3D%271770%27%20height%3D%27516%27%20fill-opacity%3D%220%22%2F%3E%3C%2Fsvg%3E\" data-srcset=\"https:\/\/www.ertex-solar.at\/wp-content\/uploads\/sites\/4\/2021\/08\/HP_Juni21_Arcadia-Yachten_Bild-oben-200x58.png 200w, https:\/\/www.ertex-solar.at\/wp-content\/uploads\/sites\/4\/2021\/08\/HP_Juni21_Arcadia-Yachten_Bild-oben-400x117.png 400w, https:\/\/www.ertex-solar.at\/wp-content\/uploads\/sites\/4\/2021\/08\/HP_Juni21_Arcadia-Yachten_Bild-oben-600x175.png 600w, https:\/\/www.ertex-solar.at\/wp-content\/uploads\/sites\/4\/2021\/08\/HP_Juni21_Arcadia-Yachten_Bild-oben-800x233.png 800w, https:\/\/www.ertex-solar.at\/wp-content\/uploads\/sites\/4\/2021\/08\/HP_Juni21_Arcadia-Yachten_Bild-oben-1200x350.png 1200w, https:\/\/www.ertex-solar.at\/wp-content\/uploads\/sites\/4\/2021\/08\/HP_Juni21_Arcadia-Yachten_Bild-oben.png 1770w\" data-sizes=\"auto\" data-orig-sizes=\"(max-width: 800px) 100vw, 1200px\" \/><\/span><\/div><div class=\"fusion-clearfix\"><\/div><\/div><\/div><\/div><\/div><div class=\"fusion-fullwidth fullwidth-box fusion-builder-row-2 nonhundred-percent-fullwidth non-hundred-percent-height-scrolling\" style=\"--awb-background-position:left top;--awb-border-sizes-top:0px;--awb-border-sizes-bottom:0px;--awb-border-sizes-left:0px;--awb-border-sizes-right:0px;--awb-border-radius-top-left:0px;--awb-border-radius-top-right:0px;--awb-border-radius-bottom-right:0px;--awb-border-radius-bottom-left:0px;--awb-padding-top:20px;--awb-padding-bottom:20px;--awb-flex-wrap:wrap;\" ><div class=\"fusion-builder-row fusion-row\"><div class=\"fusion-layout-column fusion_builder_column fusion-builder-column-1 fusion_builder_column_1_1 1_1 fusion-one-full fusion-column-first fusion-column-last\" style=\"--awb-bg-size:cover;\"><div class=\"fusion-column-wrapper fusion-column-has-shadow fusion-flex-column-wrapper-legacy\"><div class=\"fusion-sep-clear\"><\/div><div class=\"fusion-separator fusion-full-width-sep\" style=\"margin-left: auto;margin-right: auto;margin-top:20px;width:100%;\"><\/div><div class=\"fusion-sep-clear\"><\/div><div class=\"fusion-clearfix\"><\/div><\/div><\/div><div class=\"fusion-layout-column fusion_builder_column fusion-builder-column-2 fusion_builder_column_1_1 1_1 fusion-one-full fusion-column-first fusion-column-last\" style=\"--awb-bg-size:cover;\"><div class=\"fusion-column-wrapper fusion-column-has-shadow fusion-flex-column-wrapper-legacy\"><div class=\"fusion-text fusion-text-1\"><div class=\"text\">\n<h2><strong>POSSIBILITES D&rsquo;INTEGRATION MOBILE<br \/>\n<\/strong><\/h2>\n<p><strong>Hello l&rsquo;\u00e9t\u00e9 !<br \/>\n<\/strong><\/p>\n<p>Pour f\u00eater l\u2019approche de notre saison pr\u00e9f\u00e9r\u00e9e, nous vous pr\u00e9sentons une autre de nos installations que peut-\u00eatre certains d\u2019entre vous rencontreront cet \u00e9t\u00e9. Ces derni\u00e8res ann\u00e9es, plusieurs yachts de l\u2019entreprise italienne Arcadia Yachts ont \u00e9t\u00e9 \u00e9quip\u00e9s de nos panneaux.<\/p>\n<p>Pendant que les luxueux yachts sillonnent la mer, le toit travaille et fournit de l\u2019\u00e9lectricit\u00e9 verte\u00a0! De plus, les modules servent aussi d\u2019\u00e9l\u00e9ment d\u2019ombrage\u00a0: m\u00eame quand le soleil d\u2019\u00e9t\u00e9 brille sur le bateau, il fait toujours agr\u00e9ablement frais et ombr\u00e9 \u00e0 l\u2019int\u00e9rieur.<\/p>\n<p>On pourrait presque sentir l\u2019air marin rien qu\u2019en regardant les images, vous ne trouvez pas\u00a0?<\/p>\n<p>Pour plus d\u2019informations sur Arcadia Yachts, cliquez <a href=\"https:\/\/www.arcadiayachts.it\/en\/\">ici<\/a>.<\/p>\n<p>Photos \u00a9 Alberto Cocchi<\/p>\n<\/div>\n<\/div><div class=\"fusion-clearfix\"><\/div><\/div><\/div><\/div><\/div><div class=\"fusion-fullwidth fullwidth-box fusion-builder-row-3 nonhundred-percent-fullwidth non-hundred-percent-height-scrolling\" style=\"--awb-border-radius-top-left:0px;--awb-border-radius-top-right:0px;--awb-border-radius-bottom-right:0px;--awb-border-radius-bottom-left:0px;--awb-flex-wrap:wrap;\" ><div class=\"fusion-builder-row fusion-row\"><div class=\"fusion-layout-column fusion_builder_column fusion-builder-column-3 fusion_builder_column_1_1 1_1 fusion-one-full fusion-column-first fusion-column-last\" style=\"--awb-padding-right:0%;--awb-padding-left:0%;--awb-bg-size:cover;\"><div class=\"fusion-column-wrapper fusion-column-has-shadow fusion-flex-column-wrapper-legacy\"><div class=\"fusion-image-element in-legacy-container\" style=\"--awb-caption-title-font-family:var(--h2_typography-font-family);--awb-caption-title-font-weight:var(--h2_typography-font-weight);--awb-caption-title-font-style:var(--h2_typography-font-style);--awb-caption-title-size:var(--h2_typography-font-size);--awb-caption-title-transform:var(--h2_typography-text-transform);--awb-caption-title-line-height:var(--h2_typography-line-height);--awb-caption-title-letter-spacing:var(--h2_typography-letter-spacing);\"><span class=\" fusion-imageframe imageframe-none imageframe-2 hover-type-none\"><img decoding=\"async\" width=\"1772\" height=\"517\" title=\"HP_Juni21_Dubai iLab_unten\" src=\"https:\/\/www.ertex-solar.at\/wp-content\/uploads\/sites\/4\/2021\/08\/HP_Juni21_Dubai-iLab_unten.png\" data-orig-src=\"https:\/\/www.ertex-solar.at\/wp-content\/uploads\/sites\/4\/2021\/08\/HP_Juni21_Dubai-iLab_unten.png\" alt class=\"lazyload img-responsive wp-image-8971\" srcset=\"data:image\/svg+xml,%3Csvg%20xmlns%3D%27http%3A%2F%2Fwww.w3.org%2F2000%2Fsvg%27%20width%3D%271772%27%20height%3D%27517%27%20viewBox%3D%270%200%201772%20517%27%3E%3Crect%20width%3D%271772%27%20height%3D%27517%27%20fill-opacity%3D%220%22%2F%3E%3C%2Fsvg%3E\" data-srcset=\"https:\/\/www.ertex-solar.at\/wp-content\/uploads\/sites\/4\/2021\/08\/HP_Juni21_Dubai-iLab_unten-200x58.png 200w, https:\/\/www.ertex-solar.at\/wp-content\/uploads\/sites\/4\/2021\/08\/HP_Juni21_Dubai-iLab_unten-400x117.png 400w, https:\/\/www.ertex-solar.at\/wp-content\/uploads\/sites\/4\/2021\/08\/HP_Juni21_Dubai-iLab_unten-600x175.png 600w, https:\/\/www.ertex-solar.at\/wp-content\/uploads\/sites\/4\/2021\/08\/HP_Juni21_Dubai-iLab_unten-800x233.png 800w, https:\/\/www.ertex-solar.at\/wp-content\/uploads\/sites\/4\/2021\/08\/HP_Juni21_Dubai-iLab_unten-1200x350.png 1200w, https:\/\/www.ertex-solar.at\/wp-content\/uploads\/sites\/4\/2021\/08\/HP_Juni21_Dubai-iLab_unten.png 1772w\" data-sizes=\"auto\" data-orig-sizes=\"(max-width: 800px) 100vw, 1200px\" \/><\/span><\/div><div class=\"fusion-clearfix\"><\/div><\/div><\/div><\/div><\/div><div class=\"fusion-fullwidth fullwidth-box fusion-builder-row-4 nonhundred-percent-fullwidth non-hundred-percent-height-scrolling\" style=\"--awb-background-position:left top;--awb-border-sizes-top:0px;--awb-border-sizes-bottom:0px;--awb-border-sizes-left:0px;--awb-border-sizes-right:0px;--awb-border-radius-top-left:0px;--awb-border-radius-top-right:0px;--awb-border-radius-bottom-right:0px;--awb-border-radius-bottom-left:0px;--awb-padding-top:20px;--awb-padding-bottom:20px;--awb-flex-wrap:wrap;\" ><div class=\"fusion-builder-row fusion-row\"><div class=\"fusion-layout-column fusion_builder_column fusion-builder-column-4 fusion_builder_column_1_1 1_1 fusion-one-full fusion-column-first fusion-column-last\" style=\"--awb-bg-size:cover;\"><div class=\"fusion-column-wrapper fusion-column-has-shadow fusion-flex-column-wrapper-legacy\"><div class=\"fusion-sep-clear\"><\/div><div class=\"fusion-separator fusion-full-width-sep\" style=\"margin-left: auto;margin-right: auto;margin-top:20px;width:100%;\"><\/div><div class=\"fusion-sep-clear\"><\/div><div class=\"fusion-clearfix\"><\/div><\/div><\/div><div class=\"fusion-layout-column fusion_builder_column fusion-builder-column-5 fusion_builder_column_1_1 1_1 fusion-one-full fusion-column-first fusion-column-last\" style=\"--awb-bg-size:cover;\"><div class=\"fusion-column-wrapper fusion-column-has-shadow fusion-flex-column-wrapper-legacy\"><div class=\"fusion-text fusion-text-2\"><div class=\"text\">\n<div class=\"text\">\n<h2><strong>RECOMMENDATION D&rsquo;EVENEMENT<br \/>\n<\/strong><\/h2>\n<p><strong>Dubai EXPO 2020<\/strong><\/p>\n<p>Du 1<sup>er<\/sup> octobre 2021 au 31 mars 2022, l\u2019exposition universelle aura lieu \u00e0 Dubai sous la devise \u00ab\u00a0Connecter les esprits, construire le futur\u00a0\u00bb. L\u2019Autriche sera repr\u00e9sent\u00e9e par un pavillon dans le secteur \u00ab\u00a0Opportunit\u00e9s\u00a0\u00bb. Dans une exposition temporaire d\u00e9taill\u00e9e, 53 innovations s\u00e9lectionn\u00e9es seront pr\u00e9sent\u00e9es dans le iLab \u2013 la plateforme de connaissances situ\u00e9e \u00e0 l\u2019int\u00e9rieur du pavillon autrichien.<\/p>\n<p>Nous sommes fiers et honor\u00e9s d\u2019annoncer que nous avons \u00e9t\u00e9 s\u00e9lectionn\u00e9s en tant qu\u2019exposant dans le iLab autrichien pour l\u2019exposition de cette ann\u00e9e et que nous faisons ainsi partie des entreprises repr\u00e9sentant l\u2019esprit d\u2019innovation autrichien. Toutefois, l\u2019iLab ne se limite pas aux innovations : c\u2019est aussi un espace d\u2019inspiration, information et interaction, utilis\u00e9 de fa\u00e7on pluridisciplinaire pour des ateliers, conf\u00e9rences et autres formats.<\/p>\n<p>Nous avons h\u00e2te de pr\u00e9senter nos modules photovolta\u00efques permettant une production d\u2019\u00e9nergie esth\u00e9tique \u00e0 aux visiteurs du monde entier.<\/p>\n<p>Vous pouvez lire plus au sujet de notre participation au iLab autrichien <a href=\"https:\/\/www.wko.at\/site\/expoaustria\/de\/testimonials\/ertex-solartechnik.html\">ici<\/a>.<\/p>\n<\/div>\n<\/div>\n<\/div><div class=\"fusion-clearfix\"><\/div><\/div><\/div><\/div><\/div><\/p>\n","protected":false},"excerpt":{"rendered":"<p>Pr\u00e9sentation de nos installations sur les yachts Arcadia et annonce de notre pr\u00e9sence sur l&rsquo;exposition universelle Dubai 2020 dans le pavillon iLab autrichien.<\/p>\n","protected":false},"author":552,"featured_media":8973,"comment_status":"open","ping_status":"open","sticky":false,"template":"","format":"standard","meta":{"_acf_changed":false,"inline_featured_image":false,"footnotes":""},"categories":[267,270,273,271],"tags":[],"class_list":["post-10576","post","type-post","status-publish","format-standard","has-post-thumbnail","hentry","category-actualites","category-evenements","category-newsletter","category-projet"],"acf":[],"yoast_head":"<!-- This site is optimized with the Yoast SEO plugin v27.2 - https:\/\/yoast.com\/product\/yoast-seo-wordpress\/ -->\n<title>Arcadia Yachts &amp; Dubai EXPO iLab Austria - Ertexsolar<\/title>\n<meta name=\"description\" content=\"Newsletter juin 2021 : Pr\u00e9sentation de nos installations sur les yachts Arcadia et annonce de notre pr\u00e9sence \u00e0 l&#039;exposition universelle Dubai 2020.\" \/>\n<meta name=\"robots\" content=\"index, follow, max-snippet:-1, max-image-preview:large, max-video-preview:-1\" \/>\n<link rel=\"canonical\" href=\"https:\/\/www.ertex-solar.at\/fr\/arcadia-yachts-dubai-expo-ilab-austria\/\" \/>\n<meta property=\"og:locale\" content=\"fr_FR\" \/>\n<meta property=\"og:type\" content=\"article\" \/>\n<meta property=\"og:title\" content=\"Arcadia Yachts &amp; Dubai EXPO iLab Austria - Ertexsolar\" \/>\n<meta property=\"og:description\" content=\"Newsletter juin 2021 : Pr\u00e9sentation de nos installations sur les yachts Arcadia et annonce de notre pr\u00e9sence \u00e0 l&#039;exposition universelle Dubai 2020.\" \/>\n<meta property=\"og:url\" content=\"https:\/\/www.ertex-solar.at\/fr\/arcadia-yachts-dubai-expo-ilab-austria\/\" \/>\n<meta property=\"og:site_name\" content=\"Ertexsolar\" \/>\n<meta property=\"article:publisher\" content=\"https:\/\/www.facebook.com\/ertex.solartechnik\" \/>\n<meta property=\"article:published_time\" content=\"2021-06-22T14:38:52+00:00\" \/>\n<meta property=\"article:modified_time\" content=\"2022-11-03T12:03:29+00:00\" \/>\n<meta property=\"og:image\" content=\"https:\/\/www.ertex-solar.at\/wp-content\/uploads\/sites\/4\/2021\/08\/Vorschaubild_Juni21_Arcadia-Yachts.png\" \/>\n\t<meta property=\"og:image:width\" content=\"340\" \/>\n\t<meta property=\"og:image:height\" content=\"340\" \/>\n\t<meta property=\"og:image:type\" content=\"image\/png\" \/>\n<meta name=\"author\" content=\"claval\" \/>\n<meta name=\"twitter:card\" content=\"summary_large_image\" \/>\n<meta name=\"twitter:creator\" content=\"@ertexsolar_bipv\" \/>\n<meta name=\"twitter:site\" content=\"@ertexsolar_bipv\" \/>\n<script type=\"application\/ld+json\" class=\"yoast-schema-graph\">{\"@context\":\"https:\/\/schema.org\",\"@graph\":[{\"@type\":\"Article\",\"@id\":\"https:\/\/www.ertex-solar.at\/fr\/arcadia-yachts-dubai-expo-ilab-austria\/#article\",\"isPartOf\":{\"@id\":\"https:\/\/www.ertex-solar.at\/fr\/arcadia-yachts-dubai-expo-ilab-austria\/\"},\"author\":{\"name\":\"claval\",\"@id\":\"https:\/\/www.ertex-solar.at\/fr\/#\/schema\/person\/3212fe79051dcca282d487e4d0f49688\"},\"headline\":\"Arcadia Yachts &amp; Dubai EXPO iLab Austria\",\"datePublished\":\"2021-06-22T14:38:52+00:00\",\"dateModified\":\"2022-11-03T12:03:29+00:00\",\"mainEntityOfPage\":{\"@id\":\"https:\/\/www.ertex-solar.at\/fr\/arcadia-yachts-dubai-expo-ilab-austria\/\"},\"wordCount\":2396,\"commentCount\":0,\"publisher\":{\"@id\":\"https:\/\/www.ertex-solar.at\/fr\/#organization\"},\"image\":{\"@id\":\"https:\/\/www.ertex-solar.at\/fr\/arcadia-yachts-dubai-expo-ilab-austria\/#primaryimage\"},\"thumbnailUrl\":\"https:\/\/www.ertex-solar.at\/wp-content\/uploads\/sites\/4\/2021\/08\/Vorschaubild_Juni21_Arcadia-Yachts.png\",\"articleSection\":[\"Actualit\u00e9s\",\"Ev\u00e9nements\",\"Newsletter\",\"Projet\"],\"inLanguage\":\"fr-FR\",\"potentialAction\":[{\"@type\":\"CommentAction\",\"name\":\"Comment\",\"target\":[\"https:\/\/www.ertex-solar.at\/fr\/arcadia-yachts-dubai-expo-ilab-austria\/#respond\"]}]},{\"@type\":\"WebPage\",\"@id\":\"https:\/\/www.ertex-solar.at\/fr\/arcadia-yachts-dubai-expo-ilab-austria\/\",\"url\":\"https:\/\/www.ertex-solar.at\/fr\/arcadia-yachts-dubai-expo-ilab-austria\/\",\"name\":\"Arcadia Yachts &amp; Dubai EXPO iLab Austria - Ertexsolar\",\"isPartOf\":{\"@id\":\"https:\/\/www.ertex-solar.at\/fr\/#website\"},\"primaryImageOfPage\":{\"@id\":\"https:\/\/www.ertex-solar.at\/fr\/arcadia-yachts-dubai-expo-ilab-austria\/#primaryimage\"},\"image\":{\"@id\":\"https:\/\/www.ertex-solar.at\/fr\/arcadia-yachts-dubai-expo-ilab-austria\/#primaryimage\"},\"thumbnailUrl\":\"https:\/\/www.ertex-solar.at\/wp-content\/uploads\/sites\/4\/2021\/08\/Vorschaubild_Juni21_Arcadia-Yachts.png\",\"datePublished\":\"2021-06-22T14:38:52+00:00\",\"dateModified\":\"2022-11-03T12:03:29+00:00\",\"description\":\"Newsletter juin 2021 : Pr\u00e9sentation de nos installations sur les yachts Arcadia et annonce de notre pr\u00e9sence \u00e0 l'exposition universelle Dubai 2020.\",\"breadcrumb\":{\"@id\":\"https:\/\/www.ertex-solar.at\/fr\/arcadia-yachts-dubai-expo-ilab-austria\/#breadcrumb\"},\"inLanguage\":\"fr-FR\",\"potentialAction\":[{\"@type\":\"ReadAction\",\"target\":[\"https:\/\/www.ertex-solar.at\/fr\/arcadia-yachts-dubai-expo-ilab-austria\/\"]}]},{\"@type\":\"ImageObject\",\"inLanguage\":\"fr-FR\",\"@id\":\"https:\/\/www.ertex-solar.at\/fr\/arcadia-yachts-dubai-expo-ilab-austria\/#primaryimage\",\"url\":\"https:\/\/www.ertex-solar.at\/wp-content\/uploads\/sites\/4\/2021\/08\/Vorschaubild_Juni21_Arcadia-Yachts.png\",\"contentUrl\":\"https:\/\/www.ertex-solar.at\/wp-content\/uploads\/sites\/4\/2021\/08\/Vorschaubild_Juni21_Arcadia-Yachts.png\",\"width\":340,\"height\":340},{\"@type\":\"BreadcrumbList\",\"@id\":\"https:\/\/www.ertex-solar.at\/fr\/arcadia-yachts-dubai-expo-ilab-austria\/#breadcrumb\",\"itemListElement\":[{\"@type\":\"ListItem\",\"position\":1,\"name\":\"Accueil\",\"item\":\"https:\/\/www.ertex-solar.at\/fr\/\"},{\"@type\":\"ListItem\",\"position\":2,\"name\":\"Arcadia Yachts &amp; Dubai EXPO iLab Austria\"}]},{\"@type\":\"WebSite\",\"@id\":\"https:\/\/www.ertex-solar.at\/fr\/#website\",\"url\":\"https:\/\/www.ertex-solar.at\/fr\/\",\"name\":\"Ertexsolar\",\"description\":\"Enveloppe active du batiment, BIPV et vitrage dynamique\",\"publisher\":{\"@id\":\"https:\/\/www.ertex-solar.at\/fr\/#organization\"},\"potentialAction\":[{\"@type\":\"SearchAction\",\"target\":{\"@type\":\"EntryPoint\",\"urlTemplate\":\"https:\/\/www.ertex-solar.at\/fr\/?s={search_term_string}\"},\"query-input\":{\"@type\":\"PropertyValueSpecification\",\"valueRequired\":true,\"valueName\":\"search_term_string\"}}],\"inLanguage\":\"fr-FR\"},{\"@type\":\"Organization\",\"@id\":\"https:\/\/www.ertex-solar.at\/fr\/#organization\",\"name\":\"ERTEX SOLAR\",\"url\":\"https:\/\/www.ertex-solar.at\/fr\/\",\"logo\":{\"@type\":\"ImageObject\",\"inLanguage\":\"fr-FR\",\"@id\":\"https:\/\/www.ertex-solar.at\/fr\/#\/schema\/logo\/image\/\",\"url\":\"https:\/\/www.ertex-solar.at\/wp-content\/uploads\/sites\/4\/2022\/03\/ertex-solar-logo-only-1024x333.png\",\"contentUrl\":\"https:\/\/www.ertex-solar.at\/wp-content\/uploads\/sites\/4\/2022\/03\/ertex-solar-logo-only-1024x333.png\",\"width\":1024,\"height\":333,\"caption\":\"ERTEX SOLAR\"},\"image\":{\"@id\":\"https:\/\/www.ertex-solar.at\/fr\/#\/schema\/logo\/image\/\"},\"sameAs\":[\"https:\/\/www.facebook.com\/ertex.solartechnik\",\"https:\/\/x.com\/ertexsolar_bipv\",\"https:\/\/www.linkedin.com\/company\/ertex-solar\",\"https:\/\/www.instagram.com\/ertex_solar\/\",\"https:\/\/www.youtube.com\/c\/ertex-solar\/videos\"]},{\"@type\":\"Person\",\"@id\":\"https:\/\/www.ertex-solar.at\/fr\/#\/schema\/person\/3212fe79051dcca282d487e4d0f49688\",\"name\":\"claval\",\"image\":{\"@type\":\"ImageObject\",\"inLanguage\":\"fr-FR\",\"@id\":\"https:\/\/secure.gravatar.com\/avatar\/91168bc5651678f2e139f43b3e8dd337f430bc186bfa9cb80da7e9302dc4d3d2?s=96&d=mm&r=g\",\"url\":\"https:\/\/secure.gravatar.com\/avatar\/91168bc5651678f2e139f43b3e8dd337f430bc186bfa9cb80da7e9302dc4d3d2?s=96&d=mm&r=g\",\"contentUrl\":\"https:\/\/secure.gravatar.com\/avatar\/91168bc5651678f2e139f43b3e8dd337f430bc186bfa9cb80da7e9302dc4d3d2?s=96&d=mm&r=g\",\"caption\":\"claval\"}}]}<\/script>\n<!-- \/ Yoast SEO plugin. -->","yoast_head_json":{"title":"Arcadia Yachts &amp; Dubai EXPO iLab Austria - Ertexsolar","description":"Newsletter juin 2021 : Pr\u00e9sentation de nos installations sur les yachts Arcadia et annonce de notre pr\u00e9sence \u00e0 l'exposition universelle Dubai 2020.","robots":{"index":"index","follow":"follow","max-snippet":"max-snippet:-1","max-image-preview":"max-image-preview:large","max-video-preview":"max-video-preview:-1"},"canonical":"https:\/\/www.ertex-solar.at\/fr\/arcadia-yachts-dubai-expo-ilab-austria\/","og_locale":"fr_FR","og_type":"article","og_title":"Arcadia Yachts &amp; Dubai EXPO iLab Austria - Ertexsolar","og_description":"Newsletter juin 2021 : Pr\u00e9sentation de nos installations sur les yachts Arcadia et annonce de notre pr\u00e9sence \u00e0 l'exposition universelle Dubai 2020.","og_url":"https:\/\/www.ertex-solar.at\/fr\/arcadia-yachts-dubai-expo-ilab-austria\/","og_site_name":"Ertexsolar","article_publisher":"https:\/\/www.facebook.com\/ertex.solartechnik","article_published_time":"2021-06-22T14:38:52+00:00","article_modified_time":"2022-11-03T12:03:29+00:00","og_image":[{"width":340,"height":340,"url":"https:\/\/www.ertex-solar.at\/wp-content\/uploads\/sites\/4\/2021\/08\/Vorschaubild_Juni21_Arcadia-Yachts.png","type":"image\/png"}],"author":"claval","twitter_card":"summary_large_image","twitter_creator":"@ertexsolar_bipv","twitter_site":"@ertexsolar_bipv","schema":{"@context":"https:\/\/schema.org","@graph":[{"@type":"Article","@id":"https:\/\/www.ertex-solar.at\/fr\/arcadia-yachts-dubai-expo-ilab-austria\/#article","isPartOf":{"@id":"https:\/\/www.ertex-solar.at\/fr\/arcadia-yachts-dubai-expo-ilab-austria\/"},"author":{"name":"claval","@id":"https:\/\/www.ertex-solar.at\/fr\/#\/schema\/person\/3212fe79051dcca282d487e4d0f49688"},"headline":"Arcadia Yachts &amp; Dubai EXPO iLab Austria","datePublished":"2021-06-22T14:38:52+00:00","dateModified":"2022-11-03T12:03:29+00:00","mainEntityOfPage":{"@id":"https:\/\/www.ertex-solar.at\/fr\/arcadia-yachts-dubai-expo-ilab-austria\/"},"wordCount":2396,"commentCount":0,"publisher":{"@id":"https:\/\/www.ertex-solar.at\/fr\/#organization"},"image":{"@id":"https:\/\/www.ertex-solar.at\/fr\/arcadia-yachts-dubai-expo-ilab-austria\/#primaryimage"},"thumbnailUrl":"https:\/\/www.ertex-solar.at\/wp-content\/uploads\/sites\/4\/2021\/08\/Vorschaubild_Juni21_Arcadia-Yachts.png","articleSection":["Actualit\u00e9s","Ev\u00e9nements","Newsletter","Projet"],"inLanguage":"fr-FR","potentialAction":[{"@type":"CommentAction","name":"Comment","target":["https:\/\/www.ertex-solar.at\/fr\/arcadia-yachts-dubai-expo-ilab-austria\/#respond"]}]},{"@type":"WebPage","@id":"https:\/\/www.ertex-solar.at\/fr\/arcadia-yachts-dubai-expo-ilab-austria\/","url":"https:\/\/www.ertex-solar.at\/fr\/arcadia-yachts-dubai-expo-ilab-austria\/","name":"Arcadia Yachts &amp; Dubai EXPO iLab Austria - Ertexsolar","isPartOf":{"@id":"https:\/\/www.ertex-solar.at\/fr\/#website"},"primaryImageOfPage":{"@id":"https:\/\/www.ertex-solar.at\/fr\/arcadia-yachts-dubai-expo-ilab-austria\/#primaryimage"},"image":{"@id":"https:\/\/www.ertex-solar.at\/fr\/arcadia-yachts-dubai-expo-ilab-austria\/#primaryimage"},"thumbnailUrl":"https:\/\/www.ertex-solar.at\/wp-content\/uploads\/sites\/4\/2021\/08\/Vorschaubild_Juni21_Arcadia-Yachts.png","datePublished":"2021-06-22T14:38:52+00:00","dateModified":"2022-11-03T12:03:29+00:00","description":"Newsletter juin 2021 : Pr\u00e9sentation de nos installations sur les yachts Arcadia et annonce de notre pr\u00e9sence \u00e0 l'exposition universelle Dubai 2020.","breadcrumb":{"@id":"https:\/\/www.ertex-solar.at\/fr\/arcadia-yachts-dubai-expo-ilab-austria\/#breadcrumb"},"inLanguage":"fr-FR","potentialAction":[{"@type":"ReadAction","target":["https:\/\/www.ertex-solar.at\/fr\/arcadia-yachts-dubai-expo-ilab-austria\/"]}]},{"@type":"ImageObject","inLanguage":"fr-FR","@id":"https:\/\/www.ertex-solar.at\/fr\/arcadia-yachts-dubai-expo-ilab-austria\/#primaryimage","url":"https:\/\/www.ertex-solar.at\/wp-content\/uploads\/sites\/4\/2021\/08\/Vorschaubild_Juni21_Arcadia-Yachts.png","contentUrl":"https:\/\/www.ertex-solar.at\/wp-content\/uploads\/sites\/4\/2021\/08\/Vorschaubild_Juni21_Arcadia-Yachts.png","width":340,"height":340},{"@type":"BreadcrumbList","@id":"https:\/\/www.ertex-solar.at\/fr\/arcadia-yachts-dubai-expo-ilab-austria\/#breadcrumb","itemListElement":[{"@type":"ListItem","position":1,"name":"Accueil","item":"https:\/\/www.ertex-solar.at\/fr\/"},{"@type":"ListItem","position":2,"name":"Arcadia Yachts &amp; Dubai EXPO iLab Austria"}]},{"@type":"WebSite","@id":"https:\/\/www.ertex-solar.at\/fr\/#website","url":"https:\/\/www.ertex-solar.at\/fr\/","name":"Ertexsolar","description":"Enveloppe active du batiment, BIPV et vitrage dynamique","publisher":{"@id":"https:\/\/www.ertex-solar.at\/fr\/#organization"},"potentialAction":[{"@type":"SearchAction","target":{"@type":"EntryPoint","urlTemplate":"https:\/\/www.ertex-solar.at\/fr\/?s={search_term_string}"},"query-input":{"@type":"PropertyValueSpecification","valueRequired":true,"valueName":"search_term_string"}}],"inLanguage":"fr-FR"},{"@type":"Organization","@id":"https:\/\/www.ertex-solar.at\/fr\/#organization","name":"ERTEX SOLAR","url":"https:\/\/www.ertex-solar.at\/fr\/","logo":{"@type":"ImageObject","inLanguage":"fr-FR","@id":"https:\/\/www.ertex-solar.at\/fr\/#\/schema\/logo\/image\/","url":"https:\/\/www.ertex-solar.at\/wp-content\/uploads\/sites\/4\/2022\/03\/ertex-solar-logo-only-1024x333.png","contentUrl":"https:\/\/www.ertex-solar.at\/wp-content\/uploads\/sites\/4\/2022\/03\/ertex-solar-logo-only-1024x333.png","width":1024,"height":333,"caption":"ERTEX SOLAR"},"image":{"@id":"https:\/\/www.ertex-solar.at\/fr\/#\/schema\/logo\/image\/"},"sameAs":["https:\/\/www.facebook.com\/ertex.solartechnik","https:\/\/x.com\/ertexsolar_bipv","https:\/\/www.linkedin.com\/company\/ertex-solar","https:\/\/www.instagram.com\/ertex_solar\/","https:\/\/www.youtube.com\/c\/ertex-solar\/videos"]},{"@type":"Person","@id":"https:\/\/www.ertex-solar.at\/fr\/#\/schema\/person\/3212fe79051dcca282d487e4d0f49688","name":"claval","image":{"@type":"ImageObject","inLanguage":"fr-FR","@id":"https:\/\/secure.gravatar.com\/avatar\/91168bc5651678f2e139f43b3e8dd337f430bc186bfa9cb80da7e9302dc4d3d2?s=96&d=mm&r=g","url":"https:\/\/secure.gravatar.com\/avatar\/91168bc5651678f2e139f43b3e8dd337f430bc186bfa9cb80da7e9302dc4d3d2?s=96&d=mm&r=g","contentUrl":"https:\/\/secure.gravatar.com\/avatar\/91168bc5651678f2e139f43b3e8dd337f430bc186bfa9cb80da7e9302dc4d3d2?s=96&d=mm&r=g","caption":"claval"}}]}},"_links":{"self":[{"href":"https:\/\/www.ertex-solar.at\/fr\/wp-json\/wp\/v2\/posts\/10576","targetHints":{"allow":["GET"]}}],"collection":[{"href":"https:\/\/www.ertex-solar.at\/fr\/wp-json\/wp\/v2\/posts"}],"about":[{"href":"https:\/\/www.ertex-solar.at\/fr\/wp-json\/wp\/v2\/types\/post"}],"author":[{"embeddable":true,"href":"https:\/\/www.ertex-solar.at\/fr\/wp-json\/wp\/v2\/users\/552"}],"replies":[{"embeddable":true,"href":"https:\/\/www.ertex-solar.at\/fr\/wp-json\/wp\/v2\/comments?post=10576"}],"version-history":[{"count":0,"href":"https:\/\/www.ertex-solar.at\/fr\/wp-json\/wp\/v2\/posts\/10576\/revisions"}],"wp:featuredmedia":[{"embeddable":true,"href":"https:\/\/www.ertex-solar.at\/fr\/wp-json\/wp\/v2\/media\/8973"}],"wp:attachment":[{"href":"https:\/\/www.ertex-solar.at\/fr\/wp-json\/wp\/v2\/media?parent=10576"}],"wp:term":[{"taxonomy":"category","embeddable":true,"href":"https:\/\/www.ertex-solar.at\/fr\/wp-json\/wp\/v2\/categories?post=10576"},{"taxonomy":"post_tag","embeddable":true,"href":"https:\/\/www.ertex-solar.at\/fr\/wp-json\/wp\/v2\/tags?post=10576"}],"curies":[{"name":"wp","href":"https:\/\/api.w.org\/{rel}","templated":true}]}}