{"id":11939,"date":"2022-06-20T08:04:33","date_gmt":"2022-06-20T06:04:33","guid":{"rendered":"https:\/\/www.ertex-solar.at\/?p=11939"},"modified":"2025-08-14T15:23:30","modified_gmt":"2025-08-14T13:23:30","slug":"visite-verte-et-nouveau-site-internet","status":"publish","type":"post","link":"https:\/\/www.ertex-solar.at\/fr\/visite-verte-et-nouveau-site-internet\/","title":{"rendered":"Visite verte et nouveau site internet"},"content":{"rendered":"<p><div class=\"fusion-fullwidth fullwidth-box fusion-builder-row-1 nonhundred-percent-fullwidth non-hundred-percent-height-scrolling\" style=\"--awb-border-radius-top-left:0px;--awb-border-radius-top-right:0px;--awb-border-radius-bottom-right:0px;--awb-border-radius-bottom-left:0px;--awb-flex-wrap:wrap;\" ><div class=\"fusion-builder-row fusion-row\"><div class=\"fusion-layout-column fusion_builder_column fusion-builder-column-0 fusion_builder_column_1_1 1_1 fusion-one-full fusion-column-first fusion-column-last\" style=\"--awb-padding-right:0%;--awb-padding-left:0%;--awb-bg-size:cover;\"><div class=\"fusion-column-wrapper fusion-column-has-shadow fusion-flex-column-wrapper-legacy\"><div class=\"fusion-image-carousel fusion-image-carousel-auto fusion-image-carousel-1 fusion-carousel-border\"><div class=\"awb-carousel awb-swiper awb-swiper-carousel awb-carousel--carousel awb-swiper-dots-position-bottom\" data-layout=\"carousel\" data-autoplay=\"no\" data-autoplayspeed=\"2500\" data-autoplaypause=\"no\" data-columns=\"1.0\" data-columnsmedium=\"1\" data-columnssmall=\"1\" data-itemmargin=\"13\" data-itemwidth=\"180\" data-touchscroll=\"no\" data-freemode=\"no\" data-imagesize=\"auto\" data-scrollitems=\"0\" data-centeredslides=\"no\" data-rotationangle=\"50\" data-depth=\"100\" data-speed=\"500\" data-shadow=\"no\" data-pagination=\"bullets\" style=\"--awb-columns:1.0;--awb-border-width:1px;--awb-border-color:#e9eaee;--awb-dots-align:center;\"><div class=\"swiper-wrapper awb-image-carousel-wrapper fusion-flex-align-items-center\"><div class=\"swiper-slide\"><div class=\"fusion-carousel-item-wrapper\"><div class=\"fusion-image-wrapper hover-type-none\"><img decoding=\"async\" width=\"1772\" height=\"472\" src=\"https:\/\/www.ertex-solar.at\/wp-content\/uploads\/sites\/4\/2022\/06\/Bild-oben-Juni-22.png\" class=\"attachment-full size-full lazyload\" alt=\"\" srcset=\"data:image\/svg+xml,%3Csvg%20xmlns%3D%27http%3A%2F%2Fwww.w3.org%2F2000%2Fsvg%27%20width%3D%271772%27%20height%3D%27472%27%20viewBox%3D%270%200%201772%20472%27%3E%3Crect%20width%3D%271772%27%20height%3D%27472%27%20fill-opacity%3D%220%22%2F%3E%3C%2Fsvg%3E\" data-orig-src=\"https:\/\/www.ertex-solar.at\/wp-content\/uploads\/sites\/4\/2022\/06\/Bild-oben-Juni-22.png\" data-srcset=\"https:\/\/www.ertex-solar.at\/wp-content\/uploads\/sites\/4\/2022\/06\/Bild-oben-Juni-22-200x53.png 200w, https:\/\/www.ertex-solar.at\/wp-content\/uploads\/sites\/4\/2022\/06\/Bild-oben-Juni-22-300x80.png 300w, https:\/\/www.ertex-solar.at\/wp-content\/uploads\/sites\/4\/2022\/06\/Bild-oben-Juni-22-400x107.png 400w, https:\/\/www.ertex-solar.at\/wp-content\/uploads\/sites\/4\/2022\/06\/Bild-oben-Juni-22-600x160.png 600w, https:\/\/www.ertex-solar.at\/wp-content\/uploads\/sites\/4\/2022\/06\/Bild-oben-Juni-22-768x205.png 768w, https:\/\/www.ertex-solar.at\/wp-content\/uploads\/sites\/4\/2022\/06\/Bild-oben-Juni-22-800x213.png 800w, https:\/\/www.ertex-solar.at\/wp-content\/uploads\/sites\/4\/2022\/06\/Bild-oben-Juni-22-1024x273.png 1024w, https:\/\/www.ertex-solar.at\/wp-content\/uploads\/sites\/4\/2022\/06\/Bild-oben-Juni-22-1200x320.png 1200w, https:\/\/www.ertex-solar.at\/wp-content\/uploads\/sites\/4\/2022\/06\/Bild-oben-Juni-22-1536x409.png 1536w, https:\/\/www.ertex-solar.at\/wp-content\/uploads\/sites\/4\/2022\/06\/Bild-oben-Juni-22.png 1772w\" data-sizes=\"auto\" \/><\/div><\/div><\/div><\/div><div class=\"awb-swiper-button awb-swiper-button-prev\"><i class=\"awb-icon-angle-left\" aria-hidden=\"true\"><\/i><\/div><div class=\"awb-swiper-button awb-swiper-button-next\"><i class=\"awb-icon-angle-right\" aria-hidden=\"true\"><\/i><\/div><\/div><\/div><div class=\"fusion-sep-clear\"><\/div><div class=\"fusion-separator fusion-full-width-sep\" style=\"margin-left: auto;margin-right: auto;width:100%;\"><\/div><div class=\"fusion-sep-clear\"><\/div><div class=\"fusion-clearfix\"><\/div><\/div><\/div><\/div><\/div><div class=\"fusion-fullwidth fullwidth-box fusion-builder-row-2 nonhundred-percent-fullwidth non-hundred-percent-height-scrolling\" style=\"--awb-background-position:left top;--awb-border-sizes-top:0px;--awb-border-sizes-bottom:0px;--awb-border-sizes-left:0px;--awb-border-sizes-right:0px;--awb-border-radius-top-left:0px;--awb-border-radius-top-right:0px;--awb-border-radius-bottom-right:0px;--awb-border-radius-bottom-left:0px;--awb-padding-top:20px;--awb-padding-bottom:20px;--awb-flex-wrap:wrap;\" ><div class=\"fusion-builder-row fusion-row\"><div class=\"fusion-layout-column fusion_builder_column fusion-builder-column-1 fusion_builder_column_1_1 1_1 fusion-one-full fusion-column-first fusion-column-last\" style=\"--awb-bg-size:cover;\"><div class=\"fusion-column-wrapper fusion-column-has-shadow fusion-flex-column-wrapper-legacy\"><div class=\"fusion-clearfix\"><\/div><\/div><\/div><div class=\"fusion-layout-column fusion_builder_column fusion-builder-column-2 fusion_builder_column_1_1 1_1 fusion-one-full fusion-column-first fusion-column-last\" style=\"--awb-bg-size:cover;\"><div class=\"fusion-column-wrapper fusion-column-has-shadow fusion-flex-column-wrapper-legacy\"><div class=\"fusion-text fusion-text-1\" style=\"--awb-text-transform:none;\"><div class=\"text\">\n<div class=\"text\">\n<h2><strong>Visite verte<\/strong><\/h2>\n<p>Le 10 juin 2022, nous avons eu le plaisir d\u2019ouvrir nos portes \u00e0 une d\u00e9l\u00e9gation du parti Die Gr\u00fcnen (parti politique \u00e9cologiste autrichien) dans le cadre du InN\u00d6vation-Tour. La d\u00e9l\u00e9gation comprenait Elisabeth G\u00f6tze (porte-parole pour les questions \u00e9conomiques au sein du groupe parlementaire de Die Gr\u00fcnen), Dominic H\u00f6rlezeder (maire adjoint de la ville d\u2019Amstetten), Georg Ecker (membre du parlement r\u00e9gional) et Sarah Huber (assistante de la direction r\u00e9gionale du parti Die Gr\u00fcnen Nieder\u00f6sterreich). La visite avait pour but de pr\u00e9senter des entreprises innovantes et durables de Basse-Autriche et de mieux comprendre les enjeux auxquels elles sont confront\u00e9es. Nous les remercions pour cette belle matin\u00e9e !<\/p>\n<\/div>\n<\/div>\n<\/div><div class=\"fusion-clearfix\"><\/div><\/div><\/div><\/div><\/div><div class=\"fusion-fullwidth fullwidth-box fusion-builder-row-3 nonhundred-percent-fullwidth non-hundred-percent-height-scrolling\" style=\"--awb-border-radius-top-left:0px;--awb-border-radius-top-right:0px;--awb-border-radius-bottom-right:0px;--awb-border-radius-bottom-left:0px;--awb-flex-wrap:wrap;\" ><div class=\"fusion-builder-row fusion-row\"><div class=\"fusion-layout-column fusion_builder_column fusion-builder-column-3 fusion_builder_column_1_1 1_1 fusion-one-full fusion-column-first fusion-column-last\" style=\"--awb-padding-right:0%;--awb-padding-left:0%;--awb-bg-size:cover;\"><div class=\"fusion-column-wrapper fusion-column-has-shadow fusion-flex-column-wrapper-legacy\"><div class=\"fusion-image-carousel fusion-image-carousel-auto fusion-image-carousel-2 fusion-carousel-border\"><div class=\"awb-carousel awb-swiper awb-swiper-carousel awb-carousel--carousel awb-swiper-dots-position-bottom\" data-layout=\"carousel\" data-autoplay=\"no\" data-autoplayspeed=\"2500\" data-autoplaypause=\"no\" data-columns=\"1.0\" data-columnsmedium=\"1\" data-columnssmall=\"1\" data-itemmargin=\"13\" data-itemwidth=\"180\" data-touchscroll=\"no\" data-freemode=\"no\" data-imagesize=\"auto\" data-scrollitems=\"0\" data-centeredslides=\"no\" data-rotationangle=\"50\" data-depth=\"100\" data-speed=\"500\" data-shadow=\"no\" data-pagination=\"bullets\" style=\"--awb-columns:1.0;--awb-border-width:1px;--awb-border-color:#e9eaee;--awb-dots-align:center;\"><div class=\"swiper-wrapper awb-image-carousel-wrapper fusion-flex-align-items-center\"><div class=\"swiper-slide\"><div class=\"fusion-carousel-item-wrapper\"><div class=\"fusion-image-wrapper hover-type-none\"><img decoding=\"async\" width=\"1772\" height=\"472\" src=\"https:\/\/www.ertex-solar.at\/wp-content\/uploads\/sites\/4\/2022\/06\/Bild-unten-Juni-22.png\" class=\"attachment-full size-full lazyload\" alt=\"\" srcset=\"data:image\/svg+xml,%3Csvg%20xmlns%3D%27http%3A%2F%2Fwww.w3.org%2F2000%2Fsvg%27%20width%3D%271772%27%20height%3D%27472%27%20viewBox%3D%270%200%201772%20472%27%3E%3Crect%20width%3D%271772%27%20height%3D%27472%27%20fill-opacity%3D%220%22%2F%3E%3C%2Fsvg%3E\" data-orig-src=\"https:\/\/www.ertex-solar.at\/wp-content\/uploads\/sites\/4\/2022\/06\/Bild-unten-Juni-22.png\" data-srcset=\"https:\/\/www.ertex-solar.at\/wp-content\/uploads\/sites\/4\/2022\/06\/Bild-unten-Juni-22-200x53.png 200w, https:\/\/www.ertex-solar.at\/wp-content\/uploads\/sites\/4\/2022\/06\/Bild-unten-Juni-22-300x80.png 300w, https:\/\/www.ertex-solar.at\/wp-content\/uploads\/sites\/4\/2022\/06\/Bild-unten-Juni-22-400x107.png 400w, https:\/\/www.ertex-solar.at\/wp-content\/uploads\/sites\/4\/2022\/06\/Bild-unten-Juni-22-600x160.png 600w, https:\/\/www.ertex-solar.at\/wp-content\/uploads\/sites\/4\/2022\/06\/Bild-unten-Juni-22-768x205.png 768w, https:\/\/www.ertex-solar.at\/wp-content\/uploads\/sites\/4\/2022\/06\/Bild-unten-Juni-22-800x213.png 800w, https:\/\/www.ertex-solar.at\/wp-content\/uploads\/sites\/4\/2022\/06\/Bild-unten-Juni-22-1024x273.png 1024w, https:\/\/www.ertex-solar.at\/wp-content\/uploads\/sites\/4\/2022\/06\/Bild-unten-Juni-22-1200x320.png 1200w, https:\/\/www.ertex-solar.at\/wp-content\/uploads\/sites\/4\/2022\/06\/Bild-unten-Juni-22-1536x409.png 1536w, https:\/\/www.ertex-solar.at\/wp-content\/uploads\/sites\/4\/2022\/06\/Bild-unten-Juni-22.png 1772w\" data-sizes=\"auto\" \/><\/div><\/div><\/div><\/div><div class=\"awb-swiper-button awb-swiper-button-prev\"><i class=\"awb-icon-angle-left\" aria-hidden=\"true\"><\/i><\/div><div class=\"awb-swiper-button awb-swiper-button-next\"><i class=\"awb-icon-angle-right\" aria-hidden=\"true\"><\/i><\/div><\/div><\/div><div class=\"fusion-clearfix\"><\/div><\/div><\/div><\/div><\/div><div class=\"fusion-fullwidth fullwidth-box fusion-builder-row-4 nonhundred-percent-fullwidth non-hundred-percent-height-scrolling\" style=\"--awb-background-position:left top;--awb-border-sizes-top:0px;--awb-border-sizes-bottom:0px;--awb-border-sizes-left:0px;--awb-border-sizes-right:0px;--awb-border-radius-top-left:0px;--awb-border-radius-top-right:0px;--awb-border-radius-bottom-right:0px;--awb-border-radius-bottom-left:0px;--awb-padding-top:20px;--awb-padding-bottom:20px;--awb-flex-wrap:wrap;\" ><div class=\"fusion-builder-row fusion-row\"><div class=\"fusion-layout-column fusion_builder_column fusion-builder-column-4 fusion_builder_column_1_1 1_1 fusion-one-full fusion-column-first fusion-column-last\" style=\"--awb-bg-size:cover;\"><div class=\"fusion-column-wrapper fusion-column-has-shadow fusion-flex-column-wrapper-legacy\"><div class=\"fusion-clearfix\"><\/div><\/div><\/div><div class=\"fusion-layout-column fusion_builder_column fusion-builder-column-5 fusion_builder_column_1_1 1_1 fusion-one-full fusion-column-first fusion-column-last\" style=\"--awb-bg-size:cover;\"><div class=\"fusion-column-wrapper fusion-column-has-shadow fusion-flex-column-wrapper-legacy\"><div class=\"fusion-text fusion-text-2\" style=\"--awb-text-transform:none;\"><div class=\"text\">\n<h2><strong>Avez-vous vu notre nouveau site internet\u00a0?<\/strong><\/h2>\n<p>Depuis le 31 mai 2022, nous avons un nouveau site internet, o\u00f9 vous pouvez d\u00e9sormais trouver plus facilement les r\u00e9ponses aux questions qui vous int\u00e9ressent. En plus des nombreuses photos de projets de r\u00e9f\u00e9rence, vous y trouverez des informations sur les applications possibles et vous pouvez demander directement un devis pour les modules que vous souhaitez. Par ailleurs, une liste de nos entreprises partenaires, qui ne cesse de s\u2019allonger, y est \u00e9galement disponible. Vous souhaitez devenir partenaire\u00a0? Contactez-nous via le formulaire de contact ou par mail \u00e0 l\u2019adresse <a href=\"mailto:info@ertex-solar.at\">info@ertex-solar.at<\/a>.<\/p>\n<\/div>\n<\/div><div class=\"fusion-clearfix\"><\/div><\/div><\/div><\/div><\/div><\/p>\n","protected":false},"excerpt":{"rendered":"<p>ertex solar a re\u00e7u une visite verte et pr\u00e9sente son nouveau site internet<\/p>\n","protected":false},"author":1492,"featured_media":11932,"comment_status":"closed","ping_status":"closed","sticky":false,"template":"","format":"standard","meta":{"_acf_changed":false,"inline_featured_image":false,"footnotes":""},"categories":[267,273],"tags":[],"class_list":["post-11939","post","type-post","status-publish","format-standard","has-post-thumbnail","hentry","category-actualites","category-newsletter"],"acf":[],"yoast_head":"<!-- This site is optimized with the Yoast SEO plugin v27.2 - https:\/\/yoast.com\/product\/yoast-seo-wordpress\/ -->\n<title>Visite verte et nouveau site internet - Ertexsolar<\/title>\n<meta name=\"robots\" content=\"index, follow, max-snippet:-1, max-image-preview:large, max-video-preview:-1\" \/>\n<link rel=\"canonical\" href=\"https:\/\/www.ertex-solar.at\/fr\/visite-verte-et-nouveau-site-internet\/\" \/>\n<meta property=\"og:locale\" content=\"fr_FR\" \/>\n<meta property=\"og:type\" content=\"article\" \/>\n<meta property=\"og:title\" content=\"Visite verte et nouveau site internet - Ertexsolar\" \/>\n<meta property=\"og:description\" content=\"ertex solar a re\u00e7u une visite verte et pr\u00e9sente son nouveau site internet\" \/>\n<meta property=\"og:url\" content=\"https:\/\/www.ertex-solar.at\/fr\/visite-verte-et-nouveau-site-internet\/\" \/>\n<meta property=\"og:site_name\" content=\"Ertexsolar\" \/>\n<meta property=\"article:publisher\" content=\"https:\/\/www.facebook.com\/ertex.solartechnik\" \/>\n<meta property=\"article:published_time\" content=\"2022-06-20T06:04:33+00:00\" \/>\n<meta property=\"article:modified_time\" content=\"2025-08-14T13:23:30+00:00\" \/>\n<meta property=\"og:image\" content=\"https:\/\/www.ertex-solar.at\/wp-content\/uploads\/sites\/4\/2022\/06\/Ertex-Solar-400z300.jpg\" \/>\n\t<meta property=\"og:image:width\" content=\"400\" \/>\n\t<meta property=\"og:image:height\" content=\"300\" \/>\n\t<meta property=\"og:image:type\" content=\"image\/jpeg\" \/>\n<meta name=\"author\" content=\"clinbacher\" \/>\n<meta name=\"twitter:card\" content=\"summary_large_image\" \/>\n<meta name=\"twitter:creator\" content=\"@ertexsolar_bipv\" \/>\n<meta name=\"twitter:site\" content=\"@ertexsolar_bipv\" \/>\n<script type=\"application\/ld+json\" class=\"yoast-schema-graph\">{\"@context\":\"https:\/\/schema.org\",\"@graph\":[{\"@type\":\"Article\",\"@id\":\"https:\/\/www.ertex-solar.at\/fr\/visite-verte-et-nouveau-site-internet\/#article\",\"isPartOf\":{\"@id\":\"https:\/\/www.ertex-solar.at\/fr\/visite-verte-et-nouveau-site-internet\/\"},\"author\":{\"name\":\"clinbacher\",\"@id\":\"https:\/\/www.ertex-solar.at\/fr\/#\/schema\/person\/6d129ef829197a0f344e8b0834a327d7\"},\"headline\":\"Visite verte et nouveau site internet\",\"datePublished\":\"2022-06-20T06:04:33+00:00\",\"dateModified\":\"2025-08-14T13:23:30+00:00\",\"mainEntityOfPage\":{\"@id\":\"https:\/\/www.ertex-solar.at\/fr\/visite-verte-et-nouveau-site-internet\/\"},\"wordCount\":2646,\"publisher\":{\"@id\":\"https:\/\/www.ertex-solar.at\/fr\/#organization\"},\"image\":{\"@id\":\"https:\/\/www.ertex-solar.at\/fr\/visite-verte-et-nouveau-site-internet\/#primaryimage\"},\"thumbnailUrl\":\"https:\/\/www.ertex-solar.at\/wp-content\/uploads\/sites\/4\/2022\/06\/Ertex-Solar-400z300.jpg\",\"articleSection\":[\"Actualit\u00e9s\",\"Newsletter\"],\"inLanguage\":\"fr-FR\"},{\"@type\":\"WebPage\",\"@id\":\"https:\/\/www.ertex-solar.at\/fr\/visite-verte-et-nouveau-site-internet\/\",\"url\":\"https:\/\/www.ertex-solar.at\/fr\/visite-verte-et-nouveau-site-internet\/\",\"name\":\"Visite verte et nouveau site internet - Ertexsolar\",\"isPartOf\":{\"@id\":\"https:\/\/www.ertex-solar.at\/fr\/#website\"},\"primaryImageOfPage\":{\"@id\":\"https:\/\/www.ertex-solar.at\/fr\/visite-verte-et-nouveau-site-internet\/#primaryimage\"},\"image\":{\"@id\":\"https:\/\/www.ertex-solar.at\/fr\/visite-verte-et-nouveau-site-internet\/#primaryimage\"},\"thumbnailUrl\":\"https:\/\/www.ertex-solar.at\/wp-content\/uploads\/sites\/4\/2022\/06\/Ertex-Solar-400z300.jpg\",\"datePublished\":\"2022-06-20T06:04:33+00:00\",\"dateModified\":\"2025-08-14T13:23:30+00:00\",\"breadcrumb\":{\"@id\":\"https:\/\/www.ertex-solar.at\/fr\/visite-verte-et-nouveau-site-internet\/#breadcrumb\"},\"inLanguage\":\"fr-FR\",\"potentialAction\":[{\"@type\":\"ReadAction\",\"target\":[\"https:\/\/www.ertex-solar.at\/fr\/visite-verte-et-nouveau-site-internet\/\"]}]},{\"@type\":\"ImageObject\",\"inLanguage\":\"fr-FR\",\"@id\":\"https:\/\/www.ertex-solar.at\/fr\/visite-verte-et-nouveau-site-internet\/#primaryimage\",\"url\":\"https:\/\/www.ertex-solar.at\/wp-content\/uploads\/sites\/4\/2022\/06\/Ertex-Solar-400z300.jpg\",\"contentUrl\":\"https:\/\/www.ertex-solar.at\/wp-content\/uploads\/sites\/4\/2022\/06\/Ertex-Solar-400z300.jpg\",\"width\":400,\"height\":300},{\"@type\":\"BreadcrumbList\",\"@id\":\"https:\/\/www.ertex-solar.at\/fr\/visite-verte-et-nouveau-site-internet\/#breadcrumb\",\"itemListElement\":[{\"@type\":\"ListItem\",\"position\":1,\"name\":\"Accueil\",\"item\":\"https:\/\/www.ertex-solar.at\/fr\/\"},{\"@type\":\"ListItem\",\"position\":2,\"name\":\"Visite verte et nouveau site internet\"}]},{\"@type\":\"WebSite\",\"@id\":\"https:\/\/www.ertex-solar.at\/fr\/#website\",\"url\":\"https:\/\/www.ertex-solar.at\/fr\/\",\"name\":\"Ertexsolar\",\"description\":\"Enveloppe active du batiment, BIPV et vitrage dynamique\",\"publisher\":{\"@id\":\"https:\/\/www.ertex-solar.at\/fr\/#organization\"},\"potentialAction\":[{\"@type\":\"SearchAction\",\"target\":{\"@type\":\"EntryPoint\",\"urlTemplate\":\"https:\/\/www.ertex-solar.at\/fr\/?s={search_term_string}\"},\"query-input\":{\"@type\":\"PropertyValueSpecification\",\"valueRequired\":true,\"valueName\":\"search_term_string\"}}],\"inLanguage\":\"fr-FR\"},{\"@type\":\"Organization\",\"@id\":\"https:\/\/www.ertex-solar.at\/fr\/#organization\",\"name\":\"ERTEX SOLAR\",\"url\":\"https:\/\/www.ertex-solar.at\/fr\/\",\"logo\":{\"@type\":\"ImageObject\",\"inLanguage\":\"fr-FR\",\"@id\":\"https:\/\/www.ertex-solar.at\/fr\/#\/schema\/logo\/image\/\",\"url\":\"https:\/\/www.ertex-solar.at\/wp-content\/uploads\/sites\/4\/2022\/03\/ertex-solar-logo-only-1024x333.png\",\"contentUrl\":\"https:\/\/www.ertex-solar.at\/wp-content\/uploads\/sites\/4\/2022\/03\/ertex-solar-logo-only-1024x333.png\",\"width\":1024,\"height\":333,\"caption\":\"ERTEX SOLAR\"},\"image\":{\"@id\":\"https:\/\/www.ertex-solar.at\/fr\/#\/schema\/logo\/image\/\"},\"sameAs\":[\"https:\/\/www.facebook.com\/ertex.solartechnik\",\"https:\/\/x.com\/ertexsolar_bipv\",\"https:\/\/www.linkedin.com\/company\/ertex-solar\",\"https:\/\/www.instagram.com\/ertex_solar\/\",\"https:\/\/www.youtube.com\/c\/ertex-solar\/videos\"]},{\"@type\":\"Person\",\"@id\":\"https:\/\/www.ertex-solar.at\/fr\/#\/schema\/person\/6d129ef829197a0f344e8b0834a327d7\",\"name\":\"clinbacher\",\"image\":{\"@type\":\"ImageObject\",\"inLanguage\":\"fr-FR\",\"@id\":\"https:\/\/secure.gravatar.com\/avatar\/39fed758aefcfbe5c6746ba8a4ca86b2a767534d48f7c3481879ec04a173b7ad?s=96&d=mm&r=g\",\"url\":\"https:\/\/secure.gravatar.com\/avatar\/39fed758aefcfbe5c6746ba8a4ca86b2a767534d48f7c3481879ec04a173b7ad?s=96&d=mm&r=g\",\"contentUrl\":\"https:\/\/secure.gravatar.com\/avatar\/39fed758aefcfbe5c6746ba8a4ca86b2a767534d48f7c3481879ec04a173b7ad?s=96&d=mm&r=g\",\"caption\":\"clinbacher\"}}]}<\/script>\n<!-- \/ Yoast SEO plugin. -->","yoast_head_json":{"title":"Visite verte et nouveau site internet - Ertexsolar","robots":{"index":"index","follow":"follow","max-snippet":"max-snippet:-1","max-image-preview":"max-image-preview:large","max-video-preview":"max-video-preview:-1"},"canonical":"https:\/\/www.ertex-solar.at\/fr\/visite-verte-et-nouveau-site-internet\/","og_locale":"fr_FR","og_type":"article","og_title":"Visite verte et nouveau site internet - Ertexsolar","og_description":"ertex solar a re\u00e7u une visite verte et pr\u00e9sente son nouveau site internet","og_url":"https:\/\/www.ertex-solar.at\/fr\/visite-verte-et-nouveau-site-internet\/","og_site_name":"Ertexsolar","article_publisher":"https:\/\/www.facebook.com\/ertex.solartechnik","article_published_time":"2022-06-20T06:04:33+00:00","article_modified_time":"2025-08-14T13:23:30+00:00","og_image":[{"width":400,"height":300,"url":"https:\/\/www.ertex-solar.at\/wp-content\/uploads\/sites\/4\/2022\/06\/Ertex-Solar-400z300.jpg","type":"image\/jpeg"}],"author":"clinbacher","twitter_card":"summary_large_image","twitter_creator":"@ertexsolar_bipv","twitter_site":"@ertexsolar_bipv","schema":{"@context":"https:\/\/schema.org","@graph":[{"@type":"Article","@id":"https:\/\/www.ertex-solar.at\/fr\/visite-verte-et-nouveau-site-internet\/#article","isPartOf":{"@id":"https:\/\/www.ertex-solar.at\/fr\/visite-verte-et-nouveau-site-internet\/"},"author":{"name":"clinbacher","@id":"https:\/\/www.ertex-solar.at\/fr\/#\/schema\/person\/6d129ef829197a0f344e8b0834a327d7"},"headline":"Visite verte et nouveau site internet","datePublished":"2022-06-20T06:04:33+00:00","dateModified":"2025-08-14T13:23:30+00:00","mainEntityOfPage":{"@id":"https:\/\/www.ertex-solar.at\/fr\/visite-verte-et-nouveau-site-internet\/"},"wordCount":2646,"publisher":{"@id":"https:\/\/www.ertex-solar.at\/fr\/#organization"},"image":{"@id":"https:\/\/www.ertex-solar.at\/fr\/visite-verte-et-nouveau-site-internet\/#primaryimage"},"thumbnailUrl":"https:\/\/www.ertex-solar.at\/wp-content\/uploads\/sites\/4\/2022\/06\/Ertex-Solar-400z300.jpg","articleSection":["Actualit\u00e9s","Newsletter"],"inLanguage":"fr-FR"},{"@type":"WebPage","@id":"https:\/\/www.ertex-solar.at\/fr\/visite-verte-et-nouveau-site-internet\/","url":"https:\/\/www.ertex-solar.at\/fr\/visite-verte-et-nouveau-site-internet\/","name":"Visite verte et nouveau site internet - Ertexsolar","isPartOf":{"@id":"https:\/\/www.ertex-solar.at\/fr\/#website"},"primaryImageOfPage":{"@id":"https:\/\/www.ertex-solar.at\/fr\/visite-verte-et-nouveau-site-internet\/#primaryimage"},"image":{"@id":"https:\/\/www.ertex-solar.at\/fr\/visite-verte-et-nouveau-site-internet\/#primaryimage"},"thumbnailUrl":"https:\/\/www.ertex-solar.at\/wp-content\/uploads\/sites\/4\/2022\/06\/Ertex-Solar-400z300.jpg","datePublished":"2022-06-20T06:04:33+00:00","dateModified":"2025-08-14T13:23:30+00:00","breadcrumb":{"@id":"https:\/\/www.ertex-solar.at\/fr\/visite-verte-et-nouveau-site-internet\/#breadcrumb"},"inLanguage":"fr-FR","potentialAction":[{"@type":"ReadAction","target":["https:\/\/www.ertex-solar.at\/fr\/visite-verte-et-nouveau-site-internet\/"]}]},{"@type":"ImageObject","inLanguage":"fr-FR","@id":"https:\/\/www.ertex-solar.at\/fr\/visite-verte-et-nouveau-site-internet\/#primaryimage","url":"https:\/\/www.ertex-solar.at\/wp-content\/uploads\/sites\/4\/2022\/06\/Ertex-Solar-400z300.jpg","contentUrl":"https:\/\/www.ertex-solar.at\/wp-content\/uploads\/sites\/4\/2022\/06\/Ertex-Solar-400z300.jpg","width":400,"height":300},{"@type":"BreadcrumbList","@id":"https:\/\/www.ertex-solar.at\/fr\/visite-verte-et-nouveau-site-internet\/#breadcrumb","itemListElement":[{"@type":"ListItem","position":1,"name":"Accueil","item":"https:\/\/www.ertex-solar.at\/fr\/"},{"@type":"ListItem","position":2,"name":"Visite verte et nouveau site internet"}]},{"@type":"WebSite","@id":"https:\/\/www.ertex-solar.at\/fr\/#website","url":"https:\/\/www.ertex-solar.at\/fr\/","name":"Ertexsolar","description":"Enveloppe active du batiment, BIPV et vitrage dynamique","publisher":{"@id":"https:\/\/www.ertex-solar.at\/fr\/#organization"},"potentialAction":[{"@type":"SearchAction","target":{"@type":"EntryPoint","urlTemplate":"https:\/\/www.ertex-solar.at\/fr\/?s={search_term_string}"},"query-input":{"@type":"PropertyValueSpecification","valueRequired":true,"valueName":"search_term_string"}}],"inLanguage":"fr-FR"},{"@type":"Organization","@id":"https:\/\/www.ertex-solar.at\/fr\/#organization","name":"ERTEX SOLAR","url":"https:\/\/www.ertex-solar.at\/fr\/","logo":{"@type":"ImageObject","inLanguage":"fr-FR","@id":"https:\/\/www.ertex-solar.at\/fr\/#\/schema\/logo\/image\/","url":"https:\/\/www.ertex-solar.at\/wp-content\/uploads\/sites\/4\/2022\/03\/ertex-solar-logo-only-1024x333.png","contentUrl":"https:\/\/www.ertex-solar.at\/wp-content\/uploads\/sites\/4\/2022\/03\/ertex-solar-logo-only-1024x333.png","width":1024,"height":333,"caption":"ERTEX SOLAR"},"image":{"@id":"https:\/\/www.ertex-solar.at\/fr\/#\/schema\/logo\/image\/"},"sameAs":["https:\/\/www.facebook.com\/ertex.solartechnik","https:\/\/x.com\/ertexsolar_bipv","https:\/\/www.linkedin.com\/company\/ertex-solar","https:\/\/www.instagram.com\/ertex_solar\/","https:\/\/www.youtube.com\/c\/ertex-solar\/videos"]},{"@type":"Person","@id":"https:\/\/www.ertex-solar.at\/fr\/#\/schema\/person\/6d129ef829197a0f344e8b0834a327d7","name":"clinbacher","image":{"@type":"ImageObject","inLanguage":"fr-FR","@id":"https:\/\/secure.gravatar.com\/avatar\/39fed758aefcfbe5c6746ba8a4ca86b2a767534d48f7c3481879ec04a173b7ad?s=96&d=mm&r=g","url":"https:\/\/secure.gravatar.com\/avatar\/39fed758aefcfbe5c6746ba8a4ca86b2a767534d48f7c3481879ec04a173b7ad?s=96&d=mm&r=g","contentUrl":"https:\/\/secure.gravatar.com\/avatar\/39fed758aefcfbe5c6746ba8a4ca86b2a767534d48f7c3481879ec04a173b7ad?s=96&d=mm&r=g","caption":"clinbacher"}}]}},"_links":{"self":[{"href":"https:\/\/www.ertex-solar.at\/fr\/wp-json\/wp\/v2\/posts\/11939","targetHints":{"allow":["GET"]}}],"collection":[{"href":"https:\/\/www.ertex-solar.at\/fr\/wp-json\/wp\/v2\/posts"}],"about":[{"href":"https:\/\/www.ertex-solar.at\/fr\/wp-json\/wp\/v2\/types\/post"}],"author":[{"embeddable":true,"href":"https:\/\/www.ertex-solar.at\/fr\/wp-json\/wp\/v2\/users\/1492"}],"replies":[{"embeddable":true,"href":"https:\/\/www.ertex-solar.at\/fr\/wp-json\/wp\/v2\/comments?post=11939"}],"version-history":[{"count":1,"href":"https:\/\/www.ertex-solar.at\/fr\/wp-json\/wp\/v2\/posts\/11939\/revisions"}],"predecessor-version":[{"id":15887,"href":"https:\/\/www.ertex-solar.at\/fr\/wp-json\/wp\/v2\/posts\/11939\/revisions\/15887"}],"wp:featuredmedia":[{"embeddable":true,"href":"https:\/\/www.ertex-solar.at\/fr\/wp-json\/wp\/v2\/media\/11932"}],"wp:attachment":[{"href":"https:\/\/www.ertex-solar.at\/fr\/wp-json\/wp\/v2\/media?parent=11939"}],"wp:term":[{"taxonomy":"category","embeddable":true,"href":"https:\/\/www.ertex-solar.at\/fr\/wp-json\/wp\/v2\/categories?post=11939"},{"taxonomy":"post_tag","embeddable":true,"href":"https:\/\/www.ertex-solar.at\/fr\/wp-json\/wp\/v2\/tags?post=11939"}],"curies":[{"name":"wp","href":"https:\/\/api.w.org\/{rel}","templated":true}]}}