{"id":13880,"date":"2021-11-16T08:35:41","date_gmt":"2021-11-16T07:35:41","guid":{"rendered":"https:\/\/www.ertex-solar.at\/?p=13880"},"modified":"2022-11-02T09:23:20","modified_gmt":"2022-11-02T08:23:20","slug":"logements-de-reve-et-un-avant-gout-dete","status":"publish","type":"post","link":"https:\/\/www.ertex-solar.at\/fr\/logements-de-reve-et-un-avant-gout-dete\/","title":{"rendered":"Logements de r\u00eave et un avant-go\u00fbt d&rsquo;\u00e9t\u00e9"},"content":{"rendered":"<p><div class=\"fusion-fullwidth fullwidth-box fusion-builder-row-1 nonhundred-percent-fullwidth non-hundred-percent-height-scrolling\" style=\"--awb-border-radius-top-left:0px;--awb-border-radius-top-right:0px;--awb-border-radius-bottom-right:0px;--awb-border-radius-bottom-left:0px;--awb-flex-wrap:wrap;\" ><div class=\"fusion-builder-row fusion-row\"><div class=\"fusion-layout-column fusion_builder_column fusion-builder-column-0 fusion_builder_column_1_1 1_1 fusion-one-full fusion-column-first fusion-column-last\" style=\"--awb-padding-right:0%;--awb-padding-left:0%;--awb-bg-size:cover;\"><div class=\"fusion-column-wrapper fusion-column-has-shadow fusion-flex-column-wrapper-legacy\"><div class=\"fusion-image-carousel fusion-image-carousel-auto fusion-image-carousel-1 fusion-carousel-border\"><div class=\"awb-carousel awb-swiper awb-swiper-carousel awb-carousel--carousel awb-swiper-dots-position-bottom\" data-layout=\"carousel\" data-autoplay=\"no\" data-autoplayspeed=\"2500\" data-autoplaypause=\"no\" data-columns=\"5\" data-columnsmedium=\"1\" data-columnssmall=\"1\" data-itemmargin=\"13\" data-itemwidth=\"180\" data-touchscroll=\"no\" data-freemode=\"no\" data-imagesize=\"auto\" data-scrollitems=\"0\" data-centeredslides=\"no\" data-rotationangle=\"50\" data-depth=\"100\" data-speed=\"500\" data-shadow=\"no\" data-pagination=\"bullets\" style=\"--awb-border-width:1px;--awb-border-color:#e9eaee;\"><div class=\"swiper-wrapper awb-image-carousel-wrapper fusion-flex-align-items-center\"><div class=\"swiper-slide\"><div class=\"fusion-carousel-item-wrapper\"><div class=\"fusion-image-wrapper hover-type-none\"><img decoding=\"async\" width=\"1772\" height=\"472\" src=\"https:\/\/www.ertex-solar.at\/wp-content\/uploads\/sites\/4\/2022\/05\/Bild-oben-Nov21.png\" class=\"attachment-full size-full lazyload\" alt=\"\" srcset=\"data:image\/svg+xml,%3Csvg%20xmlns%3D%27http%3A%2F%2Fwww.w3.org%2F2000%2Fsvg%27%20width%3D%271772%27%20height%3D%27472%27%20viewBox%3D%270%200%201772%20472%27%3E%3Crect%20width%3D%271772%27%20height%3D%27472%27%20fill-opacity%3D%220%22%2F%3E%3C%2Fsvg%3E\" data-orig-src=\"https:\/\/www.ertex-solar.at\/wp-content\/uploads\/sites\/4\/2022\/05\/Bild-oben-Nov21.png\" data-srcset=\"https:\/\/www.ertex-solar.at\/wp-content\/uploads\/sites\/4\/2022\/05\/Bild-oben-Nov21-200x53.png 200w, https:\/\/www.ertex-solar.at\/wp-content\/uploads\/sites\/4\/2022\/05\/Bild-oben-Nov21-300x80.png 300w, https:\/\/www.ertex-solar.at\/wp-content\/uploads\/sites\/4\/2022\/05\/Bild-oben-Nov21-400x107.png 400w, https:\/\/www.ertex-solar.at\/wp-content\/uploads\/sites\/4\/2022\/05\/Bild-oben-Nov21-600x160.png 600w, https:\/\/www.ertex-solar.at\/wp-content\/uploads\/sites\/4\/2022\/05\/Bild-oben-Nov21-768x205.png 768w, https:\/\/www.ertex-solar.at\/wp-content\/uploads\/sites\/4\/2022\/05\/Bild-oben-Nov21-800x213.png 800w, https:\/\/www.ertex-solar.at\/wp-content\/uploads\/sites\/4\/2022\/05\/Bild-oben-Nov21-1024x273.png 1024w, https:\/\/www.ertex-solar.at\/wp-content\/uploads\/sites\/4\/2022\/05\/Bild-oben-Nov21-1200x320.png 1200w, https:\/\/www.ertex-solar.at\/wp-content\/uploads\/sites\/4\/2022\/05\/Bild-oben-Nov21-1536x409.png 1536w, https:\/\/www.ertex-solar.at\/wp-content\/uploads\/sites\/4\/2022\/05\/Bild-oben-Nov21.png 1772w\" data-sizes=\"auto\" \/><\/div><\/div><\/div><\/div><div class=\"awb-swiper-button awb-swiper-button-prev\"><i class=\"awb-icon-angle-left\" aria-hidden=\"true\"><\/i><\/div><div class=\"awb-swiper-button awb-swiper-button-next\"><i class=\"awb-icon-angle-right\" aria-hidden=\"true\"><\/i><\/div><\/div><\/div><div class=\"fusion-clearfix\"><\/div><\/div><\/div><\/div><\/div><div class=\"fusion-fullwidth fullwidth-box fusion-builder-row-2 nonhundred-percent-fullwidth non-hundred-percent-height-scrolling\" style=\"--awb-background-position:left top;--awb-border-sizes-top:0px;--awb-border-sizes-bottom:0px;--awb-border-sizes-left:0px;--awb-border-sizes-right:0px;--awb-border-radius-top-left:0px;--awb-border-radius-top-right:0px;--awb-border-radius-bottom-right:0px;--awb-border-radius-bottom-left:0px;--awb-padding-top:20px;--awb-padding-bottom:20px;--awb-flex-wrap:wrap;\" ><div class=\"fusion-builder-row fusion-row\"><div class=\"fusion-layout-column fusion_builder_column fusion-builder-column-1 fusion_builder_column_1_1 1_1 fusion-one-full fusion-column-first fusion-column-last\" style=\"--awb-bg-size:cover;\"><div class=\"fusion-column-wrapper fusion-column-has-shadow fusion-flex-column-wrapper-legacy\"><div class=\"fusion-sep-clear\"><\/div><div class=\"fusion-separator fusion-full-width-sep\" style=\"margin-left: auto;margin-right: auto;margin-top:20px;width:100%;\"><\/div><div class=\"fusion-sep-clear\"><\/div><div class=\"fusion-clearfix\"><\/div><\/div><\/div><div class=\"fusion-layout-column fusion_builder_column fusion-builder-column-2 fusion_builder_column_1_1 1_1 fusion-one-full fusion-column-first fusion-column-last\" style=\"--awb-bg-size:cover;\"><div class=\"fusion-column-wrapper fusion-column-has-shadow fusion-flex-column-wrapper-legacy\"><div class=\"fusion-text fusion-text-1\" style=\"--awb-text-transform:none;\"><div class=\"text\">\n<div class=\"text\">\n<h2><strong>Logements de r\u00eave<\/strong><\/h2>\n<p><strong>Remarquablement discret<\/strong><\/p>\n<p>La fa\u00e7ade d\u2019un b\u00e2timent a une influence d\u00e9cisive sur son apparence g\u00e9n\u00e9rale, mais pourquoi ne pas envisager qu\u2019elle puisse faire beaucoup plus\u00a0? Avec nos modules photovolta\u00efques, chaque fa\u00e7ade peut non seulement briller visuellement mais aussi produire de l\u2018\u00e9lectricit\u00e9 en toute discr\u00e9tion, comme pour cet immeuble d\u2019habitation en Suisse. Ici, 68 modules de couleur gris anthracite ont \u00e9t\u00e9 install\u00e9s pour une puissance totale de plus de 16 kWp. Et d\u2019ailleurs, le terme \u201ebriller\u201c ne doit ici pas \u00eatre pris au sens propre, car nos panneaux peuvent aussi \u00eatre livr\u00e9s avec une face avant satin\u00e9e.<\/p>\n<p>Photos : \u00a9Felix &amp; Co. AG<\/p>\n<\/div>\n<\/div>\n<\/div><div class=\"fusion-clearfix\"><\/div><\/div><\/div><\/div><\/div><div class=\"fusion-fullwidth fullwidth-box fusion-builder-row-3 nonhundred-percent-fullwidth non-hundred-percent-height-scrolling\" style=\"--awb-border-radius-top-left:0px;--awb-border-radius-top-right:0px;--awb-border-radius-bottom-right:0px;--awb-border-radius-bottom-left:0px;--awb-flex-wrap:wrap;\" ><div class=\"fusion-builder-row fusion-row\"><div class=\"fusion-layout-column fusion_builder_column fusion-builder-column-3 fusion_builder_column_1_1 1_1 fusion-one-full fusion-column-first fusion-column-last\" style=\"--awb-padding-right:0%;--awb-padding-left:0%;--awb-bg-size:cover;\"><div class=\"fusion-column-wrapper fusion-column-has-shadow fusion-flex-column-wrapper-legacy\"><div class=\"fusion-image-carousel fusion-image-carousel-auto fusion-image-carousel-2 fusion-carousel-border\"><div class=\"awb-carousel awb-swiper awb-swiper-carousel awb-carousel--carousel awb-swiper-dots-position-bottom\" data-layout=\"carousel\" data-autoplay=\"no\" data-autoplayspeed=\"2500\" data-autoplaypause=\"no\" data-columns=\"5\" data-columnsmedium=\"1\" data-columnssmall=\"1\" data-itemmargin=\"13\" data-itemwidth=\"180\" data-touchscroll=\"no\" data-freemode=\"no\" data-imagesize=\"auto\" data-scrollitems=\"0\" data-centeredslides=\"no\" data-rotationangle=\"50\" data-depth=\"100\" data-speed=\"500\" data-shadow=\"no\" data-pagination=\"bullets\" style=\"--awb-border-width:1px;--awb-border-color:#e9eaee;\"><div class=\"swiper-wrapper awb-image-carousel-wrapper fusion-flex-align-items-center\"><div class=\"swiper-slide\"><div class=\"fusion-carousel-item-wrapper\"><div class=\"fusion-image-wrapper hover-type-none\"><img decoding=\"async\" width=\"1772\" height=\"472\" src=\"https:\/\/www.ertex-solar.at\/wp-content\/uploads\/sites\/4\/2022\/05\/Bild-unten-Nov-21.png\" class=\"attachment-full size-full lazyload\" alt=\"\" srcset=\"data:image\/svg+xml,%3Csvg%20xmlns%3D%27http%3A%2F%2Fwww.w3.org%2F2000%2Fsvg%27%20width%3D%271772%27%20height%3D%27472%27%20viewBox%3D%270%200%201772%20472%27%3E%3Crect%20width%3D%271772%27%20height%3D%27472%27%20fill-opacity%3D%220%22%2F%3E%3C%2Fsvg%3E\" data-orig-src=\"https:\/\/www.ertex-solar.at\/wp-content\/uploads\/sites\/4\/2022\/05\/Bild-unten-Nov-21.png\" data-srcset=\"https:\/\/www.ertex-solar.at\/wp-content\/uploads\/sites\/4\/2022\/05\/Bild-unten-Nov-21-200x53.png 200w, https:\/\/www.ertex-solar.at\/wp-content\/uploads\/sites\/4\/2022\/05\/Bild-unten-Nov-21-300x80.png 300w, https:\/\/www.ertex-solar.at\/wp-content\/uploads\/sites\/4\/2022\/05\/Bild-unten-Nov-21-400x107.png 400w, https:\/\/www.ertex-solar.at\/wp-content\/uploads\/sites\/4\/2022\/05\/Bild-unten-Nov-21-600x160.png 600w, https:\/\/www.ertex-solar.at\/wp-content\/uploads\/sites\/4\/2022\/05\/Bild-unten-Nov-21-768x205.png 768w, https:\/\/www.ertex-solar.at\/wp-content\/uploads\/sites\/4\/2022\/05\/Bild-unten-Nov-21-800x213.png 800w, https:\/\/www.ertex-solar.at\/wp-content\/uploads\/sites\/4\/2022\/05\/Bild-unten-Nov-21-1024x273.png 1024w, https:\/\/www.ertex-solar.at\/wp-content\/uploads\/sites\/4\/2022\/05\/Bild-unten-Nov-21-1200x320.png 1200w, https:\/\/www.ertex-solar.at\/wp-content\/uploads\/sites\/4\/2022\/05\/Bild-unten-Nov-21-1536x409.png 1536w, https:\/\/www.ertex-solar.at\/wp-content\/uploads\/sites\/4\/2022\/05\/Bild-unten-Nov-21.png 1772w\" data-sizes=\"auto\" \/><\/div><\/div><\/div><\/div><div class=\"awb-swiper-button awb-swiper-button-prev\"><i class=\"awb-icon-angle-left\" aria-hidden=\"true\"><\/i><\/div><div class=\"awb-swiper-button awb-swiper-button-next\"><i class=\"awb-icon-angle-right\" aria-hidden=\"true\"><\/i><\/div><\/div><\/div><div class=\"fusion-clearfix\"><\/div><\/div><\/div><\/div><\/div><div class=\"fusion-fullwidth fullwidth-box fusion-builder-row-4 nonhundred-percent-fullwidth non-hundred-percent-height-scrolling\" style=\"--awb-background-position:left top;--awb-border-sizes-top:0px;--awb-border-sizes-bottom:0px;--awb-border-sizes-left:0px;--awb-border-sizes-right:0px;--awb-border-radius-top-left:0px;--awb-border-radius-top-right:0px;--awb-border-radius-bottom-right:0px;--awb-border-radius-bottom-left:0px;--awb-padding-top:20px;--awb-padding-bottom:20px;--awb-flex-wrap:wrap;\" ><div class=\"fusion-builder-row fusion-row\"><div class=\"fusion-layout-column fusion_builder_column fusion-builder-column-4 fusion_builder_column_1_1 1_1 fusion-one-full fusion-column-first fusion-column-last\" style=\"--awb-bg-size:cover;\"><div class=\"fusion-column-wrapper fusion-column-has-shadow fusion-flex-column-wrapper-legacy\"><div class=\"fusion-sep-clear\"><\/div><div class=\"fusion-separator fusion-full-width-sep\" style=\"margin-left: auto;margin-right: auto;margin-top:20px;width:100%;\"><\/div><div class=\"fusion-sep-clear\"><\/div><div class=\"fusion-clearfix\"><\/div><\/div><\/div><div class=\"fusion-layout-column fusion_builder_column fusion-builder-column-5 fusion_builder_column_1_1 1_1 fusion-one-full fusion-column-first fusion-column-last\" style=\"--awb-bg-size:cover;\"><div class=\"fusion-column-wrapper fusion-column-has-shadow fusion-flex-column-wrapper-legacy\"><div class=\"fusion-text fusion-text-2\" style=\"--awb-text-transform:none;\"><div class=\"text\">\n<h2>En attendant l\u2018\u00e9t\u00e9<\/h2>\n<p><strong>Ambiance estivale pour l\u2019hiver<\/strong><\/p>\n<p>Froid, humide, venteux\u2026 l\u2019automne tire lentement mais s\u00fbrement sa r\u00e9v\u00e9rence et l\u2019arriv\u00e9e de l\u2019hiver nous pousse \u00e0 nous r\u00e9fugier dans la chaleur des int\u00e9rieurs. Mais l\u2019\u00e9t\u00e9 prochain ne manquera pas d\u2019arriver et pour raccourcir l\u2019attente et s\u2019en r\u00e9jouir d\u2019avance, pourquoi ne pas doter votre terrasse d\u2019une nouvelle fonctionnalit\u00e9\u00a0? Comme vous pouvez le voir sur les images, un auvent de terrasse solaire vous permet de b\u00e9n\u00e9ficier d\u2019un double avantage : d\u2019une part, vous devenez votre propre fournisseur d\u2019\u00e9lectricit\u00e9, et d\u2019autre part, vous vous \u00e9pargnez les allers-retours fastidieux avec le parasol. En effet, l\u2019ombrage des cellules emp\u00eache les rayons du soleil de vous \u00e9blouir et pr\u00e9serve votre terrasse de la chaleur. Cela redonne envie de s\u2019installer dehors\u2026<\/p>\n<\/div>\n<\/div><div class=\"fusion-clearfix\"><\/div><\/div><\/div><\/div><\/div><\/p>\n","protected":false},"excerpt":{"rendered":"<p>Pr\u00e9sentation de projets de fa\u00e7ade et de terrasse<\/p>\n","protected":false},"author":1492,"featured_media":11406,"comment_status":"open","ping_status":"open","sticky":false,"template":"","format":"standard","meta":{"_acf_changed":false,"inline_featured_image":false,"footnotes":""},"categories":[267,273,271],"tags":[],"class_list":["post-13880","post","type-post","status-publish","format-standard","has-post-thumbnail","hentry","category-actualites","category-newsletter","category-projet"],"acf":[],"yoast_head":"<!-- This site is optimized with the Yoast SEO plugin v27.2 - https:\/\/yoast.com\/product\/yoast-seo-wordpress\/ -->\n<title>Logements de r\u00eave et un avant-go\u00fbt d&#039;\u00e9t\u00e9 - Ertexsolar<\/title>\n<meta name=\"description\" content=\"Newsletter novembre 2021 - Pr\u00e9sentation de projets de fa\u00e7ade et de terrasse\" \/>\n<meta name=\"robots\" content=\"index, follow, max-snippet:-1, max-image-preview:large, max-video-preview:-1\" \/>\n<link rel=\"canonical\" href=\"https:\/\/www.ertex-solar.at\/fr\/logements-de-reve-et-un-avant-gout-dete\/\" \/>\n<meta property=\"og:locale\" content=\"fr_FR\" \/>\n<meta property=\"og:type\" content=\"article\" \/>\n<meta property=\"og:title\" content=\"Logements de r\u00eave et un avant-go\u00fbt d&#039;\u00e9t\u00e9 - Ertexsolar\" \/>\n<meta property=\"og:description\" content=\"Newsletter novembre 2021 - Pr\u00e9sentation de projets de fa\u00e7ade et de terrasse\" \/>\n<meta property=\"og:url\" content=\"https:\/\/www.ertex-solar.at\/fr\/logements-de-reve-et-un-avant-gout-dete\/\" \/>\n<meta property=\"og:site_name\" content=\"Ertexsolar\" \/>\n<meta property=\"article:publisher\" content=\"https:\/\/www.facebook.com\/ertex.solartechnik\" \/>\n<meta property=\"article:published_time\" content=\"2021-11-16T07:35:41+00:00\" \/>\n<meta property=\"article:modified_time\" content=\"2022-11-02T08:23:20+00:00\" \/>\n<meta property=\"og:image\" content=\"https:\/\/www.ertex-solar.at\/wp-content\/uploads\/sites\/4\/2022\/05\/Vorschau-340x340-1.jpg\" \/>\n\t<meta property=\"og:image:width\" content=\"340\" \/>\n\t<meta property=\"og:image:height\" content=\"341\" \/>\n\t<meta property=\"og:image:type\" content=\"image\/jpeg\" \/>\n<meta name=\"author\" content=\"clinbacher\" \/>\n<meta name=\"twitter:card\" content=\"summary_large_image\" \/>\n<meta name=\"twitter:creator\" content=\"@ertexsolar_bipv\" \/>\n<meta name=\"twitter:site\" content=\"@ertexsolar_bipv\" \/>\n<script type=\"application\/ld+json\" class=\"yoast-schema-graph\">{\"@context\":\"https:\/\/schema.org\",\"@graph\":[{\"@type\":\"Article\",\"@id\":\"https:\/\/www.ertex-solar.at\/fr\/logements-de-reve-et-un-avant-gout-dete\/#article\",\"isPartOf\":{\"@id\":\"https:\/\/www.ertex-solar.at\/fr\/logements-de-reve-et-un-avant-gout-dete\/\"},\"author\":{\"name\":\"clinbacher\",\"@id\":\"https:\/\/www.ertex-solar.at\/fr\/#\/schema\/person\/6d129ef829197a0f344e8b0834a327d7\"},\"headline\":\"Logements de r\u00eave et un avant-go\u00fbt d&rsquo;\u00e9t\u00e9\",\"datePublished\":\"2021-11-16T07:35:41+00:00\",\"dateModified\":\"2022-11-02T08:23:20+00:00\",\"mainEntityOfPage\":{\"@id\":\"https:\/\/www.ertex-solar.at\/fr\/logements-de-reve-et-un-avant-gout-dete\/\"},\"wordCount\":2390,\"commentCount\":0,\"publisher\":{\"@id\":\"https:\/\/www.ertex-solar.at\/fr\/#organization\"},\"image\":{\"@id\":\"https:\/\/www.ertex-solar.at\/fr\/logements-de-reve-et-un-avant-gout-dete\/#primaryimage\"},\"thumbnailUrl\":\"https:\/\/www.ertex-solar.at\/wp-content\/uploads\/sites\/4\/2022\/05\/Vorschau-340x340-1.jpg\",\"articleSection\":[\"Actualit\u00e9s\",\"Newsletter\",\"Projet\"],\"inLanguage\":\"fr-FR\",\"potentialAction\":[{\"@type\":\"CommentAction\",\"name\":\"Comment\",\"target\":[\"https:\/\/www.ertex-solar.at\/fr\/logements-de-reve-et-un-avant-gout-dete\/#respond\"]}]},{\"@type\":\"WebPage\",\"@id\":\"https:\/\/www.ertex-solar.at\/fr\/logements-de-reve-et-un-avant-gout-dete\/\",\"url\":\"https:\/\/www.ertex-solar.at\/fr\/logements-de-reve-et-un-avant-gout-dete\/\",\"name\":\"Logements de r\u00eave et un avant-go\u00fbt d'\u00e9t\u00e9 - Ertexsolar\",\"isPartOf\":{\"@id\":\"https:\/\/www.ertex-solar.at\/fr\/#website\"},\"primaryImageOfPage\":{\"@id\":\"https:\/\/www.ertex-solar.at\/fr\/logements-de-reve-et-un-avant-gout-dete\/#primaryimage\"},\"image\":{\"@id\":\"https:\/\/www.ertex-solar.at\/fr\/logements-de-reve-et-un-avant-gout-dete\/#primaryimage\"},\"thumbnailUrl\":\"https:\/\/www.ertex-solar.at\/wp-content\/uploads\/sites\/4\/2022\/05\/Vorschau-340x340-1.jpg\",\"datePublished\":\"2021-11-16T07:35:41+00:00\",\"dateModified\":\"2022-11-02T08:23:20+00:00\",\"description\":\"Newsletter novembre 2021 - Pr\u00e9sentation de projets de fa\u00e7ade et de terrasse\",\"breadcrumb\":{\"@id\":\"https:\/\/www.ertex-solar.at\/fr\/logements-de-reve-et-un-avant-gout-dete\/#breadcrumb\"},\"inLanguage\":\"fr-FR\",\"potentialAction\":[{\"@type\":\"ReadAction\",\"target\":[\"https:\/\/www.ertex-solar.at\/fr\/logements-de-reve-et-un-avant-gout-dete\/\"]}]},{\"@type\":\"ImageObject\",\"inLanguage\":\"fr-FR\",\"@id\":\"https:\/\/www.ertex-solar.at\/fr\/logements-de-reve-et-un-avant-gout-dete\/#primaryimage\",\"url\":\"https:\/\/www.ertex-solar.at\/wp-content\/uploads\/sites\/4\/2022\/05\/Vorschau-340x340-1.jpg\",\"contentUrl\":\"https:\/\/www.ertex-solar.at\/wp-content\/uploads\/sites\/4\/2022\/05\/Vorschau-340x340-1.jpg\",\"width\":340,\"height\":341},{\"@type\":\"BreadcrumbList\",\"@id\":\"https:\/\/www.ertex-solar.at\/fr\/logements-de-reve-et-un-avant-gout-dete\/#breadcrumb\",\"itemListElement\":[{\"@type\":\"ListItem\",\"position\":1,\"name\":\"Accueil\",\"item\":\"https:\/\/www.ertex-solar.at\/fr\/\"},{\"@type\":\"ListItem\",\"position\":2,\"name\":\"Logements de r\u00eave et un avant-go\u00fbt d&#8217;\u00e9t\u00e9\"}]},{\"@type\":\"WebSite\",\"@id\":\"https:\/\/www.ertex-solar.at\/fr\/#website\",\"url\":\"https:\/\/www.ertex-solar.at\/fr\/\",\"name\":\"Ertexsolar\",\"description\":\"Enveloppe active du batiment, BIPV et vitrage dynamique\",\"publisher\":{\"@id\":\"https:\/\/www.ertex-solar.at\/fr\/#organization\"},\"potentialAction\":[{\"@type\":\"SearchAction\",\"target\":{\"@type\":\"EntryPoint\",\"urlTemplate\":\"https:\/\/www.ertex-solar.at\/fr\/?s={search_term_string}\"},\"query-input\":{\"@type\":\"PropertyValueSpecification\",\"valueRequired\":true,\"valueName\":\"search_term_string\"}}],\"inLanguage\":\"fr-FR\"},{\"@type\":\"Organization\",\"@id\":\"https:\/\/www.ertex-solar.at\/fr\/#organization\",\"name\":\"ERTEX SOLAR\",\"url\":\"https:\/\/www.ertex-solar.at\/fr\/\",\"logo\":{\"@type\":\"ImageObject\",\"inLanguage\":\"fr-FR\",\"@id\":\"https:\/\/www.ertex-solar.at\/fr\/#\/schema\/logo\/image\/\",\"url\":\"https:\/\/www.ertex-solar.at\/wp-content\/uploads\/sites\/4\/2022\/03\/ertex-solar-logo-only-1024x333.png\",\"contentUrl\":\"https:\/\/www.ertex-solar.at\/wp-content\/uploads\/sites\/4\/2022\/03\/ertex-solar-logo-only-1024x333.png\",\"width\":1024,\"height\":333,\"caption\":\"ERTEX SOLAR\"},\"image\":{\"@id\":\"https:\/\/www.ertex-solar.at\/fr\/#\/schema\/logo\/image\/\"},\"sameAs\":[\"https:\/\/www.facebook.com\/ertex.solartechnik\",\"https:\/\/x.com\/ertexsolar_bipv\",\"https:\/\/www.linkedin.com\/company\/ertex-solar\",\"https:\/\/www.instagram.com\/ertex_solar\/\",\"https:\/\/www.youtube.com\/c\/ertex-solar\/videos\"]},{\"@type\":\"Person\",\"@id\":\"https:\/\/www.ertex-solar.at\/fr\/#\/schema\/person\/6d129ef829197a0f344e8b0834a327d7\",\"name\":\"clinbacher\",\"image\":{\"@type\":\"ImageObject\",\"inLanguage\":\"fr-FR\",\"@id\":\"https:\/\/secure.gravatar.com\/avatar\/39fed758aefcfbe5c6746ba8a4ca86b2a767534d48f7c3481879ec04a173b7ad?s=96&d=mm&r=g\",\"url\":\"https:\/\/secure.gravatar.com\/avatar\/39fed758aefcfbe5c6746ba8a4ca86b2a767534d48f7c3481879ec04a173b7ad?s=96&d=mm&r=g\",\"contentUrl\":\"https:\/\/secure.gravatar.com\/avatar\/39fed758aefcfbe5c6746ba8a4ca86b2a767534d48f7c3481879ec04a173b7ad?s=96&d=mm&r=g\",\"caption\":\"clinbacher\"}}]}<\/script>\n<!-- \/ Yoast SEO plugin. -->","yoast_head_json":{"title":"Logements de r\u00eave et un avant-go\u00fbt d'\u00e9t\u00e9 - Ertexsolar","description":"Newsletter novembre 2021 - Pr\u00e9sentation de projets de fa\u00e7ade et de terrasse","robots":{"index":"index","follow":"follow","max-snippet":"max-snippet:-1","max-image-preview":"max-image-preview:large","max-video-preview":"max-video-preview:-1"},"canonical":"https:\/\/www.ertex-solar.at\/fr\/logements-de-reve-et-un-avant-gout-dete\/","og_locale":"fr_FR","og_type":"article","og_title":"Logements de r\u00eave et un avant-go\u00fbt d'\u00e9t\u00e9 - Ertexsolar","og_description":"Newsletter novembre 2021 - Pr\u00e9sentation de projets de fa\u00e7ade et de terrasse","og_url":"https:\/\/www.ertex-solar.at\/fr\/logements-de-reve-et-un-avant-gout-dete\/","og_site_name":"Ertexsolar","article_publisher":"https:\/\/www.facebook.com\/ertex.solartechnik","article_published_time":"2021-11-16T07:35:41+00:00","article_modified_time":"2022-11-02T08:23:20+00:00","og_image":[{"width":340,"height":341,"url":"https:\/\/www.ertex-solar.at\/wp-content\/uploads\/sites\/4\/2022\/05\/Vorschau-340x340-1.jpg","type":"image\/jpeg"}],"author":"clinbacher","twitter_card":"summary_large_image","twitter_creator":"@ertexsolar_bipv","twitter_site":"@ertexsolar_bipv","schema":{"@context":"https:\/\/schema.org","@graph":[{"@type":"Article","@id":"https:\/\/www.ertex-solar.at\/fr\/logements-de-reve-et-un-avant-gout-dete\/#article","isPartOf":{"@id":"https:\/\/www.ertex-solar.at\/fr\/logements-de-reve-et-un-avant-gout-dete\/"},"author":{"name":"clinbacher","@id":"https:\/\/www.ertex-solar.at\/fr\/#\/schema\/person\/6d129ef829197a0f344e8b0834a327d7"},"headline":"Logements de r\u00eave et un avant-go\u00fbt d&rsquo;\u00e9t\u00e9","datePublished":"2021-11-16T07:35:41+00:00","dateModified":"2022-11-02T08:23:20+00:00","mainEntityOfPage":{"@id":"https:\/\/www.ertex-solar.at\/fr\/logements-de-reve-et-un-avant-gout-dete\/"},"wordCount":2390,"commentCount":0,"publisher":{"@id":"https:\/\/www.ertex-solar.at\/fr\/#organization"},"image":{"@id":"https:\/\/www.ertex-solar.at\/fr\/logements-de-reve-et-un-avant-gout-dete\/#primaryimage"},"thumbnailUrl":"https:\/\/www.ertex-solar.at\/wp-content\/uploads\/sites\/4\/2022\/05\/Vorschau-340x340-1.jpg","articleSection":["Actualit\u00e9s","Newsletter","Projet"],"inLanguage":"fr-FR","potentialAction":[{"@type":"CommentAction","name":"Comment","target":["https:\/\/www.ertex-solar.at\/fr\/logements-de-reve-et-un-avant-gout-dete\/#respond"]}]},{"@type":"WebPage","@id":"https:\/\/www.ertex-solar.at\/fr\/logements-de-reve-et-un-avant-gout-dete\/","url":"https:\/\/www.ertex-solar.at\/fr\/logements-de-reve-et-un-avant-gout-dete\/","name":"Logements de r\u00eave et un avant-go\u00fbt d'\u00e9t\u00e9 - Ertexsolar","isPartOf":{"@id":"https:\/\/www.ertex-solar.at\/fr\/#website"},"primaryImageOfPage":{"@id":"https:\/\/www.ertex-solar.at\/fr\/logements-de-reve-et-un-avant-gout-dete\/#primaryimage"},"image":{"@id":"https:\/\/www.ertex-solar.at\/fr\/logements-de-reve-et-un-avant-gout-dete\/#primaryimage"},"thumbnailUrl":"https:\/\/www.ertex-solar.at\/wp-content\/uploads\/sites\/4\/2022\/05\/Vorschau-340x340-1.jpg","datePublished":"2021-11-16T07:35:41+00:00","dateModified":"2022-11-02T08:23:20+00:00","description":"Newsletter novembre 2021 - Pr\u00e9sentation de projets de fa\u00e7ade et de terrasse","breadcrumb":{"@id":"https:\/\/www.ertex-solar.at\/fr\/logements-de-reve-et-un-avant-gout-dete\/#breadcrumb"},"inLanguage":"fr-FR","potentialAction":[{"@type":"ReadAction","target":["https:\/\/www.ertex-solar.at\/fr\/logements-de-reve-et-un-avant-gout-dete\/"]}]},{"@type":"ImageObject","inLanguage":"fr-FR","@id":"https:\/\/www.ertex-solar.at\/fr\/logements-de-reve-et-un-avant-gout-dete\/#primaryimage","url":"https:\/\/www.ertex-solar.at\/wp-content\/uploads\/sites\/4\/2022\/05\/Vorschau-340x340-1.jpg","contentUrl":"https:\/\/www.ertex-solar.at\/wp-content\/uploads\/sites\/4\/2022\/05\/Vorschau-340x340-1.jpg","width":340,"height":341},{"@type":"BreadcrumbList","@id":"https:\/\/www.ertex-solar.at\/fr\/logements-de-reve-et-un-avant-gout-dete\/#breadcrumb","itemListElement":[{"@type":"ListItem","position":1,"name":"Accueil","item":"https:\/\/www.ertex-solar.at\/fr\/"},{"@type":"ListItem","position":2,"name":"Logements de r\u00eave et un avant-go\u00fbt d&#8217;\u00e9t\u00e9"}]},{"@type":"WebSite","@id":"https:\/\/www.ertex-solar.at\/fr\/#website","url":"https:\/\/www.ertex-solar.at\/fr\/","name":"Ertexsolar","description":"Enveloppe active du batiment, BIPV et vitrage dynamique","publisher":{"@id":"https:\/\/www.ertex-solar.at\/fr\/#organization"},"potentialAction":[{"@type":"SearchAction","target":{"@type":"EntryPoint","urlTemplate":"https:\/\/www.ertex-solar.at\/fr\/?s={search_term_string}"},"query-input":{"@type":"PropertyValueSpecification","valueRequired":true,"valueName":"search_term_string"}}],"inLanguage":"fr-FR"},{"@type":"Organization","@id":"https:\/\/www.ertex-solar.at\/fr\/#organization","name":"ERTEX SOLAR","url":"https:\/\/www.ertex-solar.at\/fr\/","logo":{"@type":"ImageObject","inLanguage":"fr-FR","@id":"https:\/\/www.ertex-solar.at\/fr\/#\/schema\/logo\/image\/","url":"https:\/\/www.ertex-solar.at\/wp-content\/uploads\/sites\/4\/2022\/03\/ertex-solar-logo-only-1024x333.png","contentUrl":"https:\/\/www.ertex-solar.at\/wp-content\/uploads\/sites\/4\/2022\/03\/ertex-solar-logo-only-1024x333.png","width":1024,"height":333,"caption":"ERTEX SOLAR"},"image":{"@id":"https:\/\/www.ertex-solar.at\/fr\/#\/schema\/logo\/image\/"},"sameAs":["https:\/\/www.facebook.com\/ertex.solartechnik","https:\/\/x.com\/ertexsolar_bipv","https:\/\/www.linkedin.com\/company\/ertex-solar","https:\/\/www.instagram.com\/ertex_solar\/","https:\/\/www.youtube.com\/c\/ertex-solar\/videos"]},{"@type":"Person","@id":"https:\/\/www.ertex-solar.at\/fr\/#\/schema\/person\/6d129ef829197a0f344e8b0834a327d7","name":"clinbacher","image":{"@type":"ImageObject","inLanguage":"fr-FR","@id":"https:\/\/secure.gravatar.com\/avatar\/39fed758aefcfbe5c6746ba8a4ca86b2a767534d48f7c3481879ec04a173b7ad?s=96&d=mm&r=g","url":"https:\/\/secure.gravatar.com\/avatar\/39fed758aefcfbe5c6746ba8a4ca86b2a767534d48f7c3481879ec04a173b7ad?s=96&d=mm&r=g","contentUrl":"https:\/\/secure.gravatar.com\/avatar\/39fed758aefcfbe5c6746ba8a4ca86b2a767534d48f7c3481879ec04a173b7ad?s=96&d=mm&r=g","caption":"clinbacher"}}]}},"_links":{"self":[{"href":"https:\/\/www.ertex-solar.at\/fr\/wp-json\/wp\/v2\/posts\/13880","targetHints":{"allow":["GET"]}}],"collection":[{"href":"https:\/\/www.ertex-solar.at\/fr\/wp-json\/wp\/v2\/posts"}],"about":[{"href":"https:\/\/www.ertex-solar.at\/fr\/wp-json\/wp\/v2\/types\/post"}],"author":[{"embeddable":true,"href":"https:\/\/www.ertex-solar.at\/fr\/wp-json\/wp\/v2\/users\/1492"}],"replies":[{"embeddable":true,"href":"https:\/\/www.ertex-solar.at\/fr\/wp-json\/wp\/v2\/comments?post=13880"}],"version-history":[{"count":0,"href":"https:\/\/www.ertex-solar.at\/fr\/wp-json\/wp\/v2\/posts\/13880\/revisions"}],"wp:featuredmedia":[{"embeddable":true,"href":"https:\/\/www.ertex-solar.at\/fr\/wp-json\/wp\/v2\/media\/11406"}],"wp:attachment":[{"href":"https:\/\/www.ertex-solar.at\/fr\/wp-json\/wp\/v2\/media?parent=13880"}],"wp:term":[{"taxonomy":"category","embeddable":true,"href":"https:\/\/www.ertex-solar.at\/fr\/wp-json\/wp\/v2\/categories?post=13880"},{"taxonomy":"post_tag","embeddable":true,"href":"https:\/\/www.ertex-solar.at\/fr\/wp-json\/wp\/v2\/tags?post=13880"}],"curies":[{"name":"wp","href":"https:\/\/api.w.org\/{rel}","templated":true}]}}